{"id":60819,"date":"2026-03-10T13:59:25","date_gmt":"2026-03-10T13:59:25","guid":{"rendered":"https:\/\/ciaoup.it\/?p=60819"},"modified":"2026-03-10T13:59:25","modified_gmt":"2026-03-10T13:59:25","slug":"tommasi-sindaco-verona-logistica-vive-un-momento-molto-importante","status":"publish","type":"post","link":"https:\/\/ciaoup.it\/?p=60819","title":{"rendered":"Tommasi (Sindaco Verona): &#8220;Logistica vive un momento molto importante&#8221;"},"content":{"rendered":"<p> (Adnkronos) &#8211;   \u201cVerona sta vivendo un momento molto particolare della sua storia, specialmente nell&#8217;ambito della logistica, confermando la volont\u00e0 di essere un punto di riferimento costante, ben oltre la durata di questo evento. La nostra citt\u00e0 si sta preparando a due grandi sfide infrastrutturali: il completamento del tunnel del Brennero e la nuova progettualit\u00e0 legata alla mobilit\u00e0 sull\u2019A22. Sebbene i tempi per l&#8217;attraversamento del nuovo tunnel possano sembrare lontani, sono in realt\u00e0 molto pi\u00f9 vicini di quanto si pensi, e il territorio si sta attrezzando per gestire questi investimenti strategici\u201d. Lo ha detto il primo cittadino del Comune di Verona, Damiano Tommasi, intervenendo oggi nella citt\u00e0 veneta all\u2019inaugurazione di LetExpo 2026, la kermesse punto di riferimento per i trasporti, la logistica, i servizi alle imprese e la sostenibilit\u00e0, organizzata da Alis Service in collaborazione con Veronafiere e promossa da Alis &#8211; Associazione logistica dell&#8217;intermodalit\u00e0 sostenibile. L\u2019evento, giunto alla quinta edizione, rester\u00e0 a Veronafiere fino al 13 marzo.\u00a0<\/p>\n<p> Il sindaco di Verona porta all\u2019attenzione della platea e delle istituzioni presenti a LetExpo \u201cun elemento critico che necessita di una riflessione nazionale\u201d: \u201cChi amministra le citt\u00e0 e chi ha la responsabilit\u00e0 delle organizzazioni di categoria deve oggi affrontare il tema dell&#8217;abitare: anche il comparto della logistica sta soffrendo per un vulnus sociale in cui gli stipendi spesso non bastano pi\u00f9 a coprire i costi di una casa\u201d, fa sapere. \u201cOggi riscontriamo difficolt\u00e0 nel reperire lavoratori e lavoratrici perch\u00e9 i costi di trasferimento superano i benefici salariali. \u00c8 un problema che avvertiamo chiaramente qui a Verona, dove si concentra un alto numero di aziende, specialmente quelle legate all&#8217;ultimo miglio\u201d, dice.\u00a0<\/p>\n<p>Se in passato sono stati fatti \u201cgrandi passi avanti sulla formazione attraverso gli ITS, che restano una risorsa fondamentale &#8211; fa notare il sindaco &#8211; oggi emerge con forza l&#8217;esigenza di un ragionamento nazionale su sgravi fiscali, incentivi o risorse dedicate al tema della casa per chi lavora. Non parliamo solo di emergenza abitativa in senso stretto &#8211; conclude &#8211; ma della dignit\u00e0 di chi, pur avendo un impiego, non pu\u00f2 permettersi un&#8217;abitazione vicina al proprio luogo di lavoro\u201d.\u00a0<\/p>\n<p>&#8212;<\/p>\n<p>economia<\/p>\n<p>webinfo@adnkronos.com (Web Info)<\/p>\n<div style=\"display:flex; gap:10px;justify-content:center\" class=\"wps-pgfw-pdf-generate-icon__wrapper-frontend\">\n\t\t<a  href=\"https:\/\/ciaoup.it?action=genpdf&amp;id=60819\" class=\"pgfw-single-pdf-download-button\" ><img src=\"https:\/\/ciaoup.it\/wp-content\/plugins\/pdf-generator-for-wp\/admin\/src\/images\/PDF_Tray.svg\" title=\"Generate PDF\" style=\"width:auto; height:45px;\"><\/a>\n\t\t<\/div>","protected":false},"excerpt":{"rendered":"<p>(Adnkronos) &#8211; \u201cVerona sta vivendo un momento molto particolare della sua storia, specialmente nell&#8217;ambito della&hellip;<\/p>\n","protected":false},"author":3,"featured_media":60820,"comment_status":"open","ping_status":"closed","sticky":false,"template":"","format":"standard","meta":{"footnotes":""},"categories":[12],"tags":[3],"class_list":["post-60819","post","type-post","status-publish","format-standard","has-post-thumbnail","hentry","category-comunicati","tag-ultimora"],"_links":{"self":[{"href":"https:\/\/ciaoup.it\/index.php?rest_route=\/wp\/v2\/posts\/60819","targetHints":{"allow":["GET"]}}],"collection":[{"href":"https:\/\/ciaoup.it\/index.php?rest_route=\/wp\/v2\/posts"}],"about":[{"href":"https:\/\/ciaoup.it\/index.php?rest_route=\/wp\/v2\/types\/post"}],"author":[{"embeddable":true,"href":"https:\/\/ciaoup.it\/index.php?rest_route=\/wp\/v2\/users\/3"}],"replies":[{"embeddable":true,"href":"https:\/\/ciaoup.it\/index.php?rest_route=%2Fwp%2Fv2%2Fcomments&post=60819"}],"version-history":[{"count":1,"href":"https:\/\/ciaoup.it\/index.php?rest_route=\/wp\/v2\/posts\/60819\/revisions"}],"predecessor-version":[{"id":60847,"href":"https:\/\/ciaoup.it\/index.php?rest_route=\/wp\/v2\/posts\/60819\/revisions\/60847"}],"wp:featuredmedia":[{"embeddable":true,"href":"https:\/\/ciaoup.it\/index.php?rest_route=\/wp\/v2\/media\/60820"}],"wp:attachment":[{"href":"https:\/\/ciaoup.it\/index.php?rest_route=%2Fwp%2Fv2%2Fmedia&parent=60819"}],"wp:term":[{"taxonomy":"category","embeddable":true,"href":"https:\/\/ciaoup.it\/index.php?rest_route=%2Fwp%2Fv2%2Fcategories&post=60819"},{"taxonomy":"post_tag","embeddable":true,"href":"https:\/\/ciaoup.it\/index.php?rest_route=%2Fwp%2Fv2%2Ftags&post=60819"}],"curies":[{"name":"wp","href":"https:\/\/api.w.org\/{rel}","templated":true}]}}