{"id":60799,"date":"2026-03-10T13:03:37","date_gmt":"2026-03-10T13:03:37","guid":{"rendered":"https:\/\/ciaoup.it\/?p=60799"},"modified":"2026-03-10T13:03:37","modified_gmt":"2026-03-10T13:03:37","slug":"milano-al-via-storie-sul-binario-giusto-il-palio-di-legnano-mostra-per-850-anni-battaglia","status":"publish","type":"post","link":"https:\/\/ciaoup.it\/?p=60799","title":{"rendered":"Milano, al via &#8216;Storie sul binario giusto. Il palio di Legnano&#8217;, mostra per 850 anni battaglia"},"content":{"rendered":"<p> (Adnkronos) &#8211; Un percorso immersivo che ricostruisce ambienti medievali e racconta storia, riti e valore comunitario del Palio di Legnano, in occasione dell\u2019850esimo anniversario della Battaglia di Legnano. Fnm, in collaborazione con la Fondazione Palio di Legnano, ha realizzato presso lo spazio l\u2019Altro deposito bagagli della stazione Milano Cadorna di Ferrovienord, la mostra &#8216;Storie sul binario giusto. Il Palio di Legnano&#8217; (Galleria commerciale, dal 10 marzo al 24 maggio 2026, da mercoled\u00ec a domenica, dalle 12 alle 18, chiuso il giorno di Pasqua, 25 aprile, 1 maggio). \u00a0<\/p>\n<p>L\u2019esposizione \u00e8 stata inaugurata oggi con un evento a cui sono intervenuti, tra gli altri, il presidente di Ferrovienord Pier Antonio Rossetti, il consigliere delegato di Fnm Fulvio Caradonna, il presidente di Fnm Andrea Gibelli, il presidente della Fondazione Palio di Legnano Luca Roveda e il sindaco di Legnano Lorenzo Radice. L\u2019allestimento si sviluppa attorno a un tavolo medievale allestito con oggetti e suppellettili d\u2019epoca che includono sedie, tovaglia, piatti, bicchieri e contenitori in coccio, cucchiai, taglieri e piccoli oggetti in legno, brocche, candelabro e candele, cibi vari. Elmo, spade, maglia di ferro e nove manichini con costumi storici delle Contrade &#8211; Capitano, Castellana, cavaliere, dama, ancelle, religioso, bambini &#8211; arricchiscono il racconto della storia del Palio. Alcuni pannelli didattici e materiali multimediali provenienti dalle collezioni del Palio di Legnano completano l\u2019esposizione; parte di questi materiali saranno posizionati nel piano ammezzato della stazione. \u00a0<\/p>\n<p>Per visitare l\u2019allestimento presso l\u2019Altro deposito bagagli \u00e8 richiesta la prenotazione gratuita con registrazione a questo link: https:\/\/www.eventbrite.it\/e\/biglietti-storie-sulbinario-giusto-il-palio-di-legnano-1984610365026\u00a0<\/p>\n<p>\u00a0<\/p>\n<p> La mostra rientra nel programma ufficiale di MuseoCity 2026, che celebra il patrimonio museale milanese attraverso aperture straordinarie, mostre, visite guidate e attivit\u00e0 diffuse in citt\u00e0. &#8220;La storia di Fnm, che quest\u2019anno celebra i 100 anni dalla quotazione in Borsa, coincide con quella dei territori -sottolinea il presidente di Fnm, Andrea Gibelli-. Grazie allo sviluppo delle reti dei trasporti, a cominciare da quella ferroviaria, gli stili di vita, i modelli di relazione e le realt\u00e0 produttive sono cambiati e si sono evoluti. Esiste un legame tra le infrastrutture fisiche e le reti di relazioni locali che danno forma alle comunit\u00e0. Il nostro obiettivo e il compito che vogliamo assumere \u00e8 la valorizzazione del patrimonio storico e culturale, come quello del Palio di Legnano, che vale la pena conoscere a fondo&#8221;.\u00a0<\/p>\n<p> L\u2019importanza di un legame con il territorio e le realt\u00e0 che vi operano \u00e8 da sempre al centro delle attivit\u00e0 del Palio di Legnano. &#8220;Portare il Palio e la Battaglia di Legnano nel cuore della stazione Cadorna significa mettere in dialogo due storie lombarde che hanno attraversato i secoli -aggiunge il presidente di Fondazione Palio, Luca Roveda-. Scegliere un luogo cos\u00ec centrale per la vita di Milano e dell\u2019intera Regione vuol dire aprire la nostra storia al passo quotidiano di migliaia di persone, trasformando uno spazio di transito in uno spazio di identit\u00e0. La partnership con Fnm ci sta facendo conoscere una realt\u00e0 fatta di persone attente alla memoria, ma capaci di visione e responsabilit\u00e0 verso il futuro&#8221;.\u00a0<\/p>\n<p>Il Palio di Legnano \u00e8 una rievocazione storica annuale che celebra la Battaglia di Legnano tra la Lega Lombarda e Federico Barbarossa, avvenuta il 29 maggio 1176, con una sfilata in costumi medievali e una corsa ippica tra le otto contrade della citt\u00e0. L\u2019evento culmina nell\u2019ultima domenica di maggio, con una liturgia legata alla tradizione e alla storia locale, ed \u00e8 riconosciuto come una delle pi\u00f9 importanti manifestazioni storiche italiane. Dal 2006 ha ripreso il nome originale, dopo decenni di denominazione &#8216;Sagra del Carroccio&#8217;. Dal 2022, la gestione e la promozione sono affidate alla Fondazione Palio di Legnano. \u00c8 una manifestazione rinomata in Italia specialmente per la ricerca iconografica e la fedelt\u00e0 storica dei manufatti, e ha ricevuto riconoscimenti a livello nazionale. Nel 2026 Fondazione Palio celebra l\u2019850esimo anniversario della Battaglia di Legnano con un programma di eventi speciali, tra cui la mostra nella stazione di Milano Cadorna.\u00a0<\/p>\n<p>&#8212;<\/p>\n<p>cultura<\/p>\n<p>webinfo@adnkronos.com (Web Info)<\/p>\n<div style=\"display:flex; gap:10px;justify-content:center\" class=\"wps-pgfw-pdf-generate-icon__wrapper-frontend\">\n\t\t<a  href=\"https:\/\/ciaoup.it?action=genpdf&amp;id=60799\" class=\"pgfw-single-pdf-download-button\" ><img src=\"https:\/\/ciaoup.it\/wp-content\/plugins\/pdf-generator-for-wp\/admin\/src\/images\/PDF_Tray.svg\" title=\"Generate PDF\" style=\"width:auto; height:45px;\"><\/a>\n\t\t<\/div>","protected":false},"excerpt":{"rendered":"<p>(Adnkronos) &#8211; Un percorso immersivo che ricostruisce ambienti medievali e racconta storia, riti e valore&hellip;<\/p>\n","protected":false},"author":3,"featured_media":60800,"comment_status":"open","ping_status":"closed","sticky":false,"template":"","format":"standard","meta":{"footnotes":""},"categories":[12],"tags":[3],"class_list":["post-60799","post","type-post","status-publish","format-standard","has-post-thumbnail","hentry","category-comunicati","tag-ultimora"],"_links":{"self":[{"href":"https:\/\/ciaoup.it\/index.php?rest_route=\/wp\/v2\/posts\/60799","targetHints":{"allow":["GET"]}}],"collection":[{"href":"https:\/\/ciaoup.it\/index.php?rest_route=\/wp\/v2\/posts"}],"about":[{"href":"https:\/\/ciaoup.it\/index.php?rest_route=\/wp\/v2\/types\/post"}],"author":[{"embeddable":true,"href":"https:\/\/ciaoup.it\/index.php?rest_route=\/wp\/v2\/users\/3"}],"replies":[{"embeddable":true,"href":"https:\/\/ciaoup.it\/index.php?rest_route=%2Fwp%2Fv2%2Fcomments&post=60799"}],"version-history":[{"count":1,"href":"https:\/\/ciaoup.it\/index.php?rest_route=\/wp\/v2\/posts\/60799\/revisions"}],"predecessor-version":[{"id":60812,"href":"https:\/\/ciaoup.it\/index.php?rest_route=\/wp\/v2\/posts\/60799\/revisions\/60812"}],"wp:featuredmedia":[{"embeddable":true,"href":"https:\/\/ciaoup.it\/index.php?rest_route=\/wp\/v2\/media\/60800"}],"wp:attachment":[{"href":"https:\/\/ciaoup.it\/index.php?rest_route=%2Fwp%2Fv2%2Fmedia&parent=60799"}],"wp:term":[{"taxonomy":"category","embeddable":true,"href":"https:\/\/ciaoup.it\/index.php?rest_route=%2Fwp%2Fv2%2Fcategories&post=60799"},{"taxonomy":"post_tag","embeddable":true,"href":"https:\/\/ciaoup.it\/index.php?rest_route=%2Fwp%2Fv2%2Ftags&post=60799"}],"curies":[{"name":"wp","href":"https:\/\/api.w.org\/{rel}","templated":true}]}}