{"id":60795,"date":"2026-03-10T13:29:32","date_gmt":"2026-03-10T13:29:32","guid":{"rendered":"https:\/\/ciaoup.it\/?p=60795"},"modified":"2026-03-10T13:29:32","modified_gmt":"2026-03-10T13:29:32","slug":"referendum-nordio-dimissioni-bartolozzi-considerazioni-che-al-momento-non-vengono-prese","status":"publish","type":"post","link":"https:\/\/ciaoup.it\/?p=60795","title":{"rendered":"Referendum, Nordio: &#8220;Dimissioni Bartolozzi? Considerazioni che al momento non vengono prese&#8221;"},"content":{"rendered":"<p> (Adnkronos) &#8211; &#8220;Io faccio appello a tutti i cittadini che hanno sofferto sulla propria pelle. Votate s\u00ec, ci togliamo di mezzo la magistratura che sono plotoni di esecuzione&#8221;. E&#8217; polemica per le parole sul referendum espresse dalla capo di gabinetto del ministero della Giustizia, Giusi Bartolozzi, intervenuta sabato scorso alla trasmissione &#8216;Il Punto&#8217; sull&#8217;emittente siciliana Telecolor. Dichiarazioni &#8220;inaccettabili&#8221; per le opposizioni e da pi\u00f9 parti arriva la richiesta di dimissioni. \u00a0<\/p>\n<p>Il ministro della Giustizia, Carlo Nordio, intervenuto gi\u00e0 ieri, oggi si \u00e8 nuovamente espresso sulla questione, interpellato in merito a margine di un evento a Torino sul referendum. &#8220;La stessa dottoressa Bartolozzi ha chiarito il suo punto di vista che non si riferiva assolutamente a tutta la magistratura ma soltanto a quella piccola parte minoritaria che ha definito politicizzata&#8221;, ha dichiarato il Guardasigilli. \u00a0<\/p>\n<p>&#8220;Sicuramente, come ho gi\u00e0 detto, sono certo che la dottoressa Bartolozzi si scuser\u00e0 per un&#8217;espressione che pu\u00f2 essere stata interpretata in modo improprio, ma che conoscendola anche come magistrato non rappresenta certamente il suo pensiero&#8221;, ha affermato Nordio, che ha aggiunto: &#8220;Alla magistratura alla quale mi sento ancora di appartenere perch\u00e9 una volta magistrato sei sempre magistrato tutta ovviamente la mia solidariet\u00e0 anche se militiamo in questo momento in posizioni diverse per quanto riguarda il referendum non con tutti i magistrati ma con una parte di loro&#8221;. \u00a0<\/p>\n<p>&#8220;Comunque il dissenso \u00e8 il sale della democrazia e quindi io auspico che i toni vengano ottenuti sempre bassi, secondo i saggi suggerimenti del presidente della Repubblica&#8221;, ha detto ancora il ministro. E a chi gli domandava se Giusi Bartolozzi dovrebbe dimettersi, Nordio ha risposto: &#8220;No, queste sono considerazioni che in questo momento non vengono prese&#8221;.\u00a0<\/p>\n<p>La Giunta esecutiva centrale dell&#8217;Associazione nazionale magistrati (Anm) ribadisce di non voler rispondere agli attacchi. &#8220;In queste ultime settimane abbiamo deciso di non rispondere mai agli attacchi ricevuti a pi\u00f9 riprese da esponenti politici, anche di altissimo profilo. L&#8217;appello all&#8217;abbassamento dei toni che \u00e8 stato rivolto a tutte le parti in causa dalla pi\u00f9 alta carica dello Stato era, e ancora di pi\u00f9 oggi, \u00e8 assolutamente opportuno &#8211; sottolinea l&#8217;Anm &#8211; Per cui, anche se il tono e le argomentazioni contro la magistratura italiana sono oramai giunte a un livello inaccettabile per chi auspica la rispettosa collaborazione tra le istituzioni del nostro Paese, continueremo a mantenere inalterata la nostra linea&#8221;.\u00a0<\/p>\n<p>&#8212;<\/p>\n<p>cronaca<\/p>\n<p>webinfo@adnkronos.com (Web Info)<\/p>\n<div style=\"display:flex; gap:10px;justify-content:center\" class=\"wps-pgfw-pdf-generate-icon__wrapper-frontend\">\n\t\t<a  href=\"https:\/\/ciaoup.it?action=genpdf&amp;id=60795\" class=\"pgfw-single-pdf-download-button\" ><img src=\"https:\/\/ciaoup.it\/wp-content\/plugins\/pdf-generator-for-wp\/admin\/src\/images\/PDF_Tray.svg\" title=\"Generate PDF\" style=\"width:auto; height:45px;\"><\/a>\n\t\t<\/div>","protected":false},"excerpt":{"rendered":"<p>(Adnkronos) &#8211; &#8220;Io faccio appello a tutti i cittadini che hanno sofferto sulla propria pelle.&hellip;<\/p>\n","protected":false},"author":3,"featured_media":60796,"comment_status":"open","ping_status":"closed","sticky":false,"template":"","format":"standard","meta":{"footnotes":""},"categories":[12],"tags":[3],"class_list":["post-60795","post","type-post","status-publish","format-standard","has-post-thumbnail","hentry","category-comunicati","tag-ultimora"],"_links":{"self":[{"href":"https:\/\/ciaoup.it\/index.php?rest_route=\/wp\/v2\/posts\/60795","targetHints":{"allow":["GET"]}}],"collection":[{"href":"https:\/\/ciaoup.it\/index.php?rest_route=\/wp\/v2\/posts"}],"about":[{"href":"https:\/\/ciaoup.it\/index.php?rest_route=\/wp\/v2\/types\/post"}],"author":[{"embeddable":true,"href":"https:\/\/ciaoup.it\/index.php?rest_route=\/wp\/v2\/users\/3"}],"replies":[{"embeddable":true,"href":"https:\/\/ciaoup.it\/index.php?rest_route=%2Fwp%2Fv2%2Fcomments&post=60795"}],"version-history":[{"count":1,"href":"https:\/\/ciaoup.it\/index.php?rest_route=\/wp\/v2\/posts\/60795\/revisions"}],"predecessor-version":[{"id":60828,"href":"https:\/\/ciaoup.it\/index.php?rest_route=\/wp\/v2\/posts\/60795\/revisions\/60828"}],"wp:featuredmedia":[{"embeddable":true,"href":"https:\/\/ciaoup.it\/index.php?rest_route=\/wp\/v2\/media\/60796"}],"wp:attachment":[{"href":"https:\/\/ciaoup.it\/index.php?rest_route=%2Fwp%2Fv2%2Fmedia&parent=60795"}],"wp:term":[{"taxonomy":"category","embeddable":true,"href":"https:\/\/ciaoup.it\/index.php?rest_route=%2Fwp%2Fv2%2Fcategories&post=60795"},{"taxonomy":"post_tag","embeddable":true,"href":"https:\/\/ciaoup.it\/index.php?rest_route=%2Fwp%2Fv2%2Ftags&post=60795"}],"curies":[{"name":"wp","href":"https:\/\/api.w.org\/{rel}","templated":true}]}}