{"id":60766,"date":"2026-03-10T12:10:59","date_gmt":"2026-03-10T12:10:59","guid":{"rendered":"https:\/\/ciaoup.it\/?p=60766"},"modified":"2026-03-10T12:10:59","modified_gmt":"2026-03-10T12:10:59","slug":"sostenibilita-torna-the-good-farmer-award-candidature-aperte-fino-al-15-maggio","status":"publish","type":"post","link":"https:\/\/ciaoup.it\/?p=60766","title":{"rendered":"Sostenibilit\u00e0, torna &#8216;The Good Farmer Award&#8217;: candidature aperte fino al 15 maggio"},"content":{"rendered":"<p> (Adnkronos) &#8211; Il Gruppo Davines &#8211; azienda attiva nel settore della cosmetica professionale con i marchi per l\u2019haircare Davines e per lo skincare &#8216;comfort zone&#8217;, B Corp dal 2016 &#8211; annuncia, per il terzo anno consecutivo, l\u2019apertura delle candidature per &#8216;The Good Farmer Award&#8217; 2026. Realizzato in collaborazione con la Fondazione per lo Sviluppo Sostenibile, \u00e8 il primo premio in Italia a sostenere i giovani agricoltori che guidano la transizione ecologica attraverso pratiche di agricoltura biologica rigenerativa e agroecologiche, con un approccio sistemico e anche sociale. \u00a0<\/p>\n<p>Anche per questa edizione \u00e8 stata rinnovata l\u2019estensione del bando alle aziende agricole dedite all\u2019allevamento e impegnate a migliorare il benessere e la salute animale con pratiche che includono, tra le altre, il pascolo all\u2019aperto e la conseguente riduzione dell\u2019uso di farmaci veterinari.\u00a0<\/p>\n<p>Il bando si rivolge ad agricoltori e agricoltrici di et\u00e0 inferiore o uguale a 35 anni al 31 luglio 2026 che gestiscano imprese con certificazione biologica in corso di validit\u00e0. I due progetti pi\u00f9 innovativi e avanzati riceveranno dal Gruppo Davines 10mila euro ciascuno per l\u2019acquisto di materiali e per interventi finalizzati al miglioramento e allo sviluppo delle attivit\u00e0 agroecologiche. Le candidature possono essere inviate dal 10 marzo fino al 15 maggio 2026 compilando il modulo online. La cerimonia di premiazione si terr\u00e0 il 27 novembre 2026 presso il Davines Group Village a Parma.\u00a0<\/p>\n<p>Requisiti necessari per accedere al bando sono l\u2019avere una certificazione biologica in corso di validit\u00e0 e applicare i principi dell\u2019agricoltura biologica rigenerativa e dell\u2019agroecologia. In particolare i giovani agricoltori e le loro aziende dovranno dimostrare di utilizzare almeno tre tra le strategie e le pratiche di agricoltura biologica rigenerativa e agroecologia identificate dal regolamento, tra cui la rotazione colturale, il minimo disturbo del suolo, l\u2019utilizzo di fertilizzanti organici, la coltivazione di alberi associata a campi seminativi o a pascoli, l\u2019uso di colture di copertura come le leguminose e la pacciamatura del terreno (ossia la copertura del terreno con materiale organico come paglia o foglie).\u00a0<\/p>\n<p>La Commissione che valuter\u00e0 e selezioner\u00e0 i progetti \u00e8 composta da otto membri, fra professori universitari ed esperti in temi di agricoltura, agroecologia e sostenibilit\u00e0. Edo Ronchi, presidente della Fondazione per lo sviluppo sostenibile, \u00e8 il presidente della Giuria.\u00a0<\/p>\n<p> Gli altri membri sono: Davide Bochicchio, ricercatore del Crea Zootecnia e Acquacoltura; Dario Fornara, direttore di Eroc (European Regenerative Organic Center); Angelo Gentili, responsabile nazionale Agricoltura di Legambiente; Paola Migliorini, docente presso l\u2019Universit\u00e0 di Scienze Gastronomiche di Pollenzo; Alessandro Monteleone, dirigente di Ricerca del Crea, Centro Politiche e Bio-economia; Camilla Moonen, professoressa associata presso l\u2019Istituto di Scienze delle Piante, Universit\u00e0 Sant\u2019Anna di Pisa; Francesca Pisseri, medica veterinaria esperta in agroecologia, Associazione Italiana di Agroecologia.\u00a0<\/p>\n<p>&#8212;<\/p>\n<p>sostenibilita<\/p>\n<p>webinfo@adnkronos.com (Web Info)<\/p>\n<div style=\"display:flex; gap:10px;justify-content:center\" class=\"wps-pgfw-pdf-generate-icon__wrapper-frontend\">\n\t\t<a  href=\"https:\/\/ciaoup.it?action=genpdf&amp;id=60766\" class=\"pgfw-single-pdf-download-button\" ><img src=\"https:\/\/ciaoup.it\/wp-content\/plugins\/pdf-generator-for-wp\/admin\/src\/images\/PDF_Tray.svg\" title=\"Generate PDF\" style=\"width:auto; height:45px;\"><\/a>\n\t\t<\/div>","protected":false},"excerpt":{"rendered":"<p>(Adnkronos) &#8211; Il Gruppo Davines &#8211; azienda attiva nel settore della cosmetica professionale con i&hellip;<\/p>\n","protected":false},"author":3,"featured_media":60767,"comment_status":"open","ping_status":"closed","sticky":false,"template":"","format":"standard","meta":{"footnotes":""},"categories":[12],"tags":[3],"class_list":["post-60766","post","type-post","status-publish","format-standard","has-post-thumbnail","hentry","category-comunicati","tag-ultimora"],"_links":{"self":[{"href":"https:\/\/ciaoup.it\/index.php?rest_route=\/wp\/v2\/posts\/60766","targetHints":{"allow":["GET"]}}],"collection":[{"href":"https:\/\/ciaoup.it\/index.php?rest_route=\/wp\/v2\/posts"}],"about":[{"href":"https:\/\/ciaoup.it\/index.php?rest_route=\/wp\/v2\/types\/post"}],"author":[{"embeddable":true,"href":"https:\/\/ciaoup.it\/index.php?rest_route=\/wp\/v2\/users\/3"}],"replies":[{"embeddable":true,"href":"https:\/\/ciaoup.it\/index.php?rest_route=%2Fwp%2Fv2%2Fcomments&post=60766"}],"version-history":[{"count":1,"href":"https:\/\/ciaoup.it\/index.php?rest_route=\/wp\/v2\/posts\/60766\/revisions"}],"predecessor-version":[{"id":60791,"href":"https:\/\/ciaoup.it\/index.php?rest_route=\/wp\/v2\/posts\/60766\/revisions\/60791"}],"wp:featuredmedia":[{"embeddable":true,"href":"https:\/\/ciaoup.it\/index.php?rest_route=\/wp\/v2\/media\/60767"}],"wp:attachment":[{"href":"https:\/\/ciaoup.it\/index.php?rest_route=%2Fwp%2Fv2%2Fmedia&parent=60766"}],"wp:term":[{"taxonomy":"category","embeddable":true,"href":"https:\/\/ciaoup.it\/index.php?rest_route=%2Fwp%2Fv2%2Fcategories&post=60766"},{"taxonomy":"post_tag","embeddable":true,"href":"https:\/\/ciaoup.it\/index.php?rest_route=%2Fwp%2Fv2%2Ftags&post=60766"}],"curies":[{"name":"wp","href":"https:\/\/api.w.org\/{rel}","templated":true}]}}