{"id":60764,"date":"2026-03-10T12:24:02","date_gmt":"2026-03-10T12:24:02","guid":{"rendered":"https:\/\/ciaoup.it\/?p=60764"},"modified":"2026-03-10T12:24:02","modified_gmt":"2026-03-10T12:24:02","slug":"belgio-esplosione-sinagoga-liegi-comitato-ebraico-chiede-dispiegamento-militari","status":"publish","type":"post","link":"https:\/\/ciaoup.it\/?p=60764","title":{"rendered":"Belgio, esplosione sinagoga Liegi: Comitato ebraico chiede dispiegamento militari"},"content":{"rendered":"<p> (Adnkronos) &#8211; All&#8217;indomani dell&#8217;esplosione che si \u00e8 verificata davanti alla sinagoga della citt\u00e0 belga di Liegi &#8211; un &#8220;atto di antisemitismo abbietto&#8221;, lo ha definito il ministro dell&#8217;Interno Bernard Quentin &#8211; il presidente del Comitato delle Organizzazioni ebraiche del Belgio (CCOJB) Yves Oschinsky, si \u00e8 detto a favore del dispiegamento di militari nelle strade per proteggere i luoghi e le istituzioni ebraiche in Belgio &#8220;se questo non \u00e8 possibile per il tramite dei servizi di polizia&#8221;.\u00a0<\/p>\n<p>Secondo Oschinsky, intervenuto ai microfoni di La Premi\u00e8re (Rtbf), se la minaccia globale misurata dall&#8217;Ocam (Organo di coordinamento delle analisi del livello della minaccia ) \u00e8 rimasta a 3, &#8220;forse siamo al livello 4&#8221; per le istituzioni ebraiche. Il presidente del CCOJB ha anche deplorato l&#8217;assenza di un accordo sulla nomina di un coordinatore per la lotta contro l&#8217;antisemitismo nel paese.\u00a0<\/p>\n<p>Un&#8217;esplosione si \u00e8 verificata poco prima delle 4 di ieri mattina di fronte alla sinagoga situata in Rue L\u00e9on Fr\u00e9d\u00e9ricq. Nessuno \u00e8 rimasto ferito; sono stati segnalati solo danni materiali. Le finestre degli edifici di fronte alla sinagoga sono state distrutte. La strada rimane chiusa per le indagini ed \u00e8 stato istituito un perimetro nelle immediate vicinanze, ha dichiarato la polizia locale. L&#8217;ufficio del procuratore federale \u00e8 stato incaricato dell&#8217;indagine &#8220;date le possibili indicazioni di un atto terroristico&#8221;. \u00a0<\/p>\n<p>Il Servizio Bonifica Ordigni Esplosivi (Sedee) \u00e8 stato inviato sul posto per condurre le indagini necessarie. L&#8217;ufficio del procuratore sta collaborando con tutti i partner interessati in un&#8217;indagine approfondita sulle circostanze esatte dell&#8217;incidente. \u00a0<\/p>\n<p>Il Primo Ministro Bart De Wever ha denunciato la natura antisemita dell&#8217;esplosione. &#8220;L&#8217;antisemitismo \u00e8 un attacco ai nostri valori e alla nostra societ\u00e0. Deve essere combattuto senza ambiguit\u00e0,&#8221; ha scritto il capo del governo federale sui social. Bart De Wever ha testimoniato la sua &#8220;solidariet\u00e0 alla comunit\u00e0 ebraica di Liegi e Belgio&#8221;.\u00a0<\/p>\n<p>&#8212;<\/p>\n<p>internazionale\/esteri<\/p>\n<p>webinfo@adnkronos.com (Web Info)<\/p>\n<div style=\"display:flex; gap:10px;justify-content:center\" class=\"wps-pgfw-pdf-generate-icon__wrapper-frontend\">\n\t\t<a  href=\"https:\/\/ciaoup.it?action=genpdf&amp;id=60764\" class=\"pgfw-single-pdf-download-button\" ><img src=\"https:\/\/ciaoup.it\/wp-content\/plugins\/pdf-generator-for-wp\/admin\/src\/images\/PDF_Tray.svg\" title=\"Generate PDF\" style=\"width:auto; height:45px;\"><\/a>\n\t\t<\/div>","protected":false},"excerpt":{"rendered":"<p>(Adnkronos) &#8211; All&#8217;indomani dell&#8217;esplosione che si \u00e8 verificata davanti alla sinagoga della citt\u00e0 belga di&hellip;<\/p>\n","protected":false},"author":3,"featured_media":60765,"comment_status":"open","ping_status":"closed","sticky":false,"template":"","format":"standard","meta":{"footnotes":""},"categories":[12],"tags":[3],"class_list":["post-60764","post","type-post","status-publish","format-standard","has-post-thumbnail","hentry","category-comunicati","tag-ultimora"],"_links":{"self":[{"href":"https:\/\/ciaoup.it\/index.php?rest_route=\/wp\/v2\/posts\/60764","targetHints":{"allow":["GET"]}}],"collection":[{"href":"https:\/\/ciaoup.it\/index.php?rest_route=\/wp\/v2\/posts"}],"about":[{"href":"https:\/\/ciaoup.it\/index.php?rest_route=\/wp\/v2\/types\/post"}],"author":[{"embeddable":true,"href":"https:\/\/ciaoup.it\/index.php?rest_route=\/wp\/v2\/users\/3"}],"replies":[{"embeddable":true,"href":"https:\/\/ciaoup.it\/index.php?rest_route=%2Fwp%2Fv2%2Fcomments&post=60764"}],"version-history":[{"count":1,"href":"https:\/\/ciaoup.it\/index.php?rest_route=\/wp\/v2\/posts\/60764\/revisions"}],"predecessor-version":[{"id":60792,"href":"https:\/\/ciaoup.it\/index.php?rest_route=\/wp\/v2\/posts\/60764\/revisions\/60792"}],"wp:featuredmedia":[{"embeddable":true,"href":"https:\/\/ciaoup.it\/index.php?rest_route=\/wp\/v2\/media\/60765"}],"wp:attachment":[{"href":"https:\/\/ciaoup.it\/index.php?rest_route=%2Fwp%2Fv2%2Fmedia&parent=60764"}],"wp:term":[{"taxonomy":"category","embeddable":true,"href":"https:\/\/ciaoup.it\/index.php?rest_route=%2Fwp%2Fv2%2Fcategories&post=60764"},{"taxonomy":"post_tag","embeddable":true,"href":"https:\/\/ciaoup.it\/index.php?rest_route=%2Fwp%2Fv2%2Ftags&post=60764"}],"curies":[{"name":"wp","href":"https:\/\/api.w.org\/{rel}","templated":true}]}}