{"id":60734,"date":"2026-03-10T10:53:06","date_gmt":"2026-03-10T10:53:06","guid":{"rendered":"https:\/\/ciaoup.it\/?p=60734"},"modified":"2026-03-10T10:53:06","modified_gmt":"2026-03-10T10:53:06","slug":"alessandro-gassmann-leo-a-sanremo-e-andato-male-ma-solo-per-il-pubblico","status":"publish","type":"post","link":"https:\/\/ciaoup.it\/?p=60734","title":{"rendered":"Alessandro Gassmann: &#8220;Leo a Sanremo? \u00c8 andato male, ma solo per il pubblico&#8221;"},"content":{"rendered":"<p> (Adnkronos) &#8211; &#8220;Questo Sanremo \u00e8 andato male, ma questo \u00e8 un giudizio del pubblico, ed \u00e8 giusto che sia cos\u00ec&#8221;. Con queste parole Alessandro Gassmann ha commentato la partecipazione del figlio, Leo Gassmann, al 76esimo Festival di Sanremo 2026, dove il cantante ha portato il brano &#8216;Naturale&#8217;, che si \u00e8 classificato al 28esimo posto. \u00a0<\/p>\n<p>&#8220;\u00c8 andato bene perch\u00e9 la cosa pi\u00f9 importante \u00e8 esserci a Sanremo, superare tutti gli step precedenti&#8221;, ha spiegato l&#8217;attore che ha definito l&#8217;esperienza, vissuta da genitore, come &#8220;una sofferenza&#8221;. &#8220;Il genitore del cantante vive i mesi prima di Sanremo con un&#8217;ansia terribile&#8221;, ha detto Gassmann, in un&#8217;intervista rilasciata a Fanpage.\u00a0<\/p>\n<p>&#8220;Sono stupefatto come genitore per la persona che \u00e8 mio figlio&#8221;, ha detto l&#8217;attore con parole colme di orgoglio. &#8220;Siamo stati molto attenti, io severo, e siamo felici di avere un figlio &#8211; si legge ancora su Fanpage &#8211; che \u00e8 una persona con una fortissima personalit\u00e0, attentissimo agli altri, \u00e8 una cosa che mi appartiene ma che lui ha sviluppato ancora di pi\u00f9. Lui \u00e8 gentile anche quando potrebbe non esserlo, ha una calma veramente invidiabile, che non ha ereditato da me&#8221;, ha detto. \u00a0<\/p>\n<p>&#8220;Ha studiato tanto, continua a studiare, io non saprei fare quello che ha fatto lui. \u00c8 stato bravissimo&#8221;, ha concluso.\u00a0<\/p>\n<p>&#8212;<\/p>\n<p>spettacoli<\/p>\n<p>webinfo@adnkronos.com (Web Info)<\/p>\n<div style=\"display:flex; gap:10px;justify-content:center\" class=\"wps-pgfw-pdf-generate-icon__wrapper-frontend\">\n\t\t<a  href=\"https:\/\/ciaoup.it?action=genpdf&amp;id=60734\" class=\"pgfw-single-pdf-download-button\" ><img src=\"https:\/\/ciaoup.it\/wp-content\/plugins\/pdf-generator-for-wp\/admin\/src\/images\/PDF_Tray.svg\" title=\"Generate PDF\" style=\"width:auto; height:45px;\"><\/a>\n\t\t<\/div>","protected":false},"excerpt":{"rendered":"<p>(Adnkronos) &#8211; &#8220;Questo Sanremo \u00e8 andato male, ma questo \u00e8 un giudizio del pubblico, ed&hellip;<\/p>\n","protected":false},"author":3,"featured_media":60735,"comment_status":"open","ping_status":"closed","sticky":false,"template":"","format":"standard","meta":{"footnotes":""},"categories":[12],"tags":[3],"class_list":["post-60734","post","type-post","status-publish","format-standard","has-post-thumbnail","hentry","category-comunicati","tag-ultimora"],"_links":{"self":[{"href":"https:\/\/ciaoup.it\/index.php?rest_route=\/wp\/v2\/posts\/60734","targetHints":{"allow":["GET"]}}],"collection":[{"href":"https:\/\/ciaoup.it\/index.php?rest_route=\/wp\/v2\/posts"}],"about":[{"href":"https:\/\/ciaoup.it\/index.php?rest_route=\/wp\/v2\/types\/post"}],"author":[{"embeddable":true,"href":"https:\/\/ciaoup.it\/index.php?rest_route=\/wp\/v2\/users\/3"}],"replies":[{"embeddable":true,"href":"https:\/\/ciaoup.it\/index.php?rest_route=%2Fwp%2Fv2%2Fcomments&post=60734"}],"version-history":[{"count":1,"href":"https:\/\/ciaoup.it\/index.php?rest_route=\/wp\/v2\/posts\/60734\/revisions"}],"predecessor-version":[{"id":60752,"href":"https:\/\/ciaoup.it\/index.php?rest_route=\/wp\/v2\/posts\/60734\/revisions\/60752"}],"wp:featuredmedia":[{"embeddable":true,"href":"https:\/\/ciaoup.it\/index.php?rest_route=\/wp\/v2\/media\/60735"}],"wp:attachment":[{"href":"https:\/\/ciaoup.it\/index.php?rest_route=%2Fwp%2Fv2%2Fmedia&parent=60734"}],"wp:term":[{"taxonomy":"category","embeddable":true,"href":"https:\/\/ciaoup.it\/index.php?rest_route=%2Fwp%2Fv2%2Fcategories&post=60734"},{"taxonomy":"post_tag","embeddable":true,"href":"https:\/\/ciaoup.it\/index.php?rest_route=%2Fwp%2Fv2%2Ftags&post=60734"}],"curies":[{"name":"wp","href":"https:\/\/api.w.org\/{rel}","templated":true}]}}