{"id":60712,"date":"2026-03-10T09:39:21","date_gmt":"2026-03-10T09:39:21","guid":{"rendered":"https:\/\/ciaoup.it\/?p=60712"},"modified":"2026-03-10T09:39:21","modified_gmt":"2026-03-10T09:39:21","slug":"morto-a-60-anni-tommy-decarlo-voce-dei-boston-che-da-fan-divenne-frontman","status":"publish","type":"post","link":"https:\/\/ciaoup.it\/?p=60712","title":{"rendered":"Morto a 60 anni Tommy DeCarlo, voce dei Boston che da fan divenne frontman"},"content":{"rendered":"<p> (Adnkronos) &#8211; \u00c8 morto a 60 anni Tommy DeCarlo, cantante dei Boston per quasi due decenni. Il musicista statunitense \u00e8 scomparso luned\u00ec 9 marzo a Charlotte, nello stato della Carolina del Nord, dopo una battaglia contro un tumore al cervello, come annunciato dalla famiglia sui social. &#8220;Ha combattuto con incredibile forza e coraggio fino alla fine&#8221;, si legge nel messaggio diffuso su Facebook dai familiari, che hanno chiesto rispetto e privacy in questo momento di lutto.\u00a0<\/p>\n<p>Nato il 23 aprile 1965 a Utica, nello stato di New York, DeCarlo era un grande fan dei Boston fin da adolescente. La band, formata negli anni Settanta e diventata celebre per brani come &#8216;More Than a Feeling&#8217;, &#8216;Don\u2019t Look Back&#8217; e &#8216;Peace of Mind&#8217;, ha segnato profondamente la sua formazione musicale. Il cantante raccont\u00f2 in pi\u00f9 occasioni che l\u2019ammirazione per il frontman originale Brad Delp e il desiderio di cantare insieme a lui alla radio contribuirono a sviluppare la sua voce.\u00a0<\/p>\n<p>\nLa svolta arriv\u00f2 nel 2007, dopo la morte di Delp. All\u2019epoca DeCarlo lavorava come responsabile in un negozio Home Depot. Invi\u00f2 al gruppo un link alla propria pagina MySpace, dove pubblicava cover dei Boston e una canzone originale dedicata allo stesso Delp, sperando di partecipare a uno spettacolo commemorativo. In un primo momento la proposta fu respinta. Successivamente, per\u00f2, il fondatore della band Tom Scholz ascolt\u00f2 la sua versione di &#8216;Don\u2019t Look Back&#8217; e lo invit\u00f2 a esibirsi durante il concerto tributo. Fu la prima volta che DeCarlo sal\u00ec sul palco davanti a un pubblico con una band. \u00a0<\/p>\n<p>Da quell\u2019esibizione inizi\u00f2 una collaborazione destinata a durare anni: DeCarlo divenne la voce principale dei Boston nei concerti dal vivo e partecip\u00f2 anche ad alcune registrazioni dell\u2019album &#8216;Life, Love &amp; Hope&#8217; del 2013. Parallelamente aveva fondato il progetto musicale Decarlo insieme al figlio, il chitarrista Tommy DeCarlo Jr. Lo scorso ottobre il cantante aveva annunciato il ritiro temporaneo dalle esibizioni a causa di &#8220;problemi di salute inattesi&#8221;. &#8220;Esibirmi e condividere la musica con tutti voi nel mondo \u00e8 stata una delle pi\u00f9 grandi gioie della mia vita&#8221;, aveva scritto allora sui social, ringraziando fan e sostenitori per il sostegno ricevuto. (di Paolo Martini)\u00a0<\/p>\n<p>&#8212;<\/p>\n<p>spettacoli<\/p>\n<p>webinfo@adnkronos.com (Web Info)<\/p>\n<div style=\"display:flex; gap:10px;justify-content:center\" class=\"wps-pgfw-pdf-generate-icon__wrapper-frontend\">\n\t\t<a  href=\"https:\/\/ciaoup.it?action=genpdf&amp;id=60712\" class=\"pgfw-single-pdf-download-button\" ><img src=\"https:\/\/ciaoup.it\/wp-content\/plugins\/pdf-generator-for-wp\/admin\/src\/images\/PDF_Tray.svg\" title=\"Generate PDF\" style=\"width:auto; height:45px;\"><\/a>\n\t\t<\/div>","protected":false},"excerpt":{"rendered":"<p>(Adnkronos) &#8211; \u00c8 morto a 60 anni Tommy DeCarlo, cantante dei Boston per quasi due&hellip;<\/p>\n","protected":false},"author":3,"featured_media":60713,"comment_status":"open","ping_status":"closed","sticky":false,"template":"","format":"standard","meta":{"footnotes":""},"categories":[12],"tags":[3],"class_list":["post-60712","post","type-post","status-publish","format-standard","has-post-thumbnail","hentry","category-comunicati","tag-ultimora"],"_links":{"self":[{"href":"https:\/\/ciaoup.it\/index.php?rest_route=\/wp\/v2\/posts\/60712","targetHints":{"allow":["GET"]}}],"collection":[{"href":"https:\/\/ciaoup.it\/index.php?rest_route=\/wp\/v2\/posts"}],"about":[{"href":"https:\/\/ciaoup.it\/index.php?rest_route=\/wp\/v2\/types\/post"}],"author":[{"embeddable":true,"href":"https:\/\/ciaoup.it\/index.php?rest_route=\/wp\/v2\/users\/3"}],"replies":[{"embeddable":true,"href":"https:\/\/ciaoup.it\/index.php?rest_route=%2Fwp%2Fv2%2Fcomments&post=60712"}],"version-history":[{"count":1,"href":"https:\/\/ciaoup.it\/index.php?rest_route=\/wp\/v2\/posts\/60712\/revisions"}],"predecessor-version":[{"id":60727,"href":"https:\/\/ciaoup.it\/index.php?rest_route=\/wp\/v2\/posts\/60712\/revisions\/60727"}],"wp:featuredmedia":[{"embeddable":true,"href":"https:\/\/ciaoup.it\/index.php?rest_route=\/wp\/v2\/media\/60713"}],"wp:attachment":[{"href":"https:\/\/ciaoup.it\/index.php?rest_route=%2Fwp%2Fv2%2Fmedia&parent=60712"}],"wp:term":[{"taxonomy":"category","embeddable":true,"href":"https:\/\/ciaoup.it\/index.php?rest_route=%2Fwp%2Fv2%2Fcategories&post=60712"},{"taxonomy":"post_tag","embeddable":true,"href":"https:\/\/ciaoup.it\/index.php?rest_route=%2Fwp%2Fv2%2Ftags&post=60712"}],"curies":[{"name":"wp","href":"https:\/\/api.w.org\/{rel}","templated":true}]}}