{"id":60219,"date":"2026-03-08T10:04:11","date_gmt":"2026-03-08T10:04:11","guid":{"rendered":"https:\/\/ciaoup.it\/?p=60219"},"modified":"2026-03-08T10:04:11","modified_gmt":"2026-03-08T10:04:11","slug":"tra-schiarite-nubi-e-rischio-temporali-meteo-in-equilibrio-precario-le-previsioni","status":"publish","type":"post","link":"https:\/\/ciaoup.it\/?p=60219","title":{"rendered":"Tra schiarite, nubi e rischio temporali: meteo in equilibrio precario, le previsioni"},"content":{"rendered":"<p> (Adnkronos) &#8211; Tra schiarite, nubi e rischio temporali, \u00e8 un meteo in equilibrio precario quello analizzato nelle previsioni degli esperti per la giornata di oggi, domenica 8 marzo, e per i giorni a venire.<br \/>\n\u00a0<\/p>\n<p>L&#8217;Italia, spiegano gli esperti, si ritrova infatti in una sorta di stallo atmosferico, sospesa in un limbo tra le ultime resistenze dell&#8217;alta pressione e l&#8217;avvicinamento di correnti pi\u00f9 instabili. I prossimi giorni non vedranno scossoni eclatanti, ma piuttosto un graduale dinamismo che spazzer\u00e0 via la staticit\u00e0 e il pulviscolo africano delle ultime ore.\u00a0<\/p>\n<p>\u00a0<\/p>\n<p>\u00a0<\/p>\n<p>Federico Brescia, meteorologo de iLMeteo.it, conferma che il tempo non subir\u00e0 grandi variazioni nel brevissimo termine, mantenendosi in un equilibrio precario tra stabilit\u00e0 e infiltrazioni fresche. La giornata di domenica inizier\u00e0 con ampie schiarite su gran parte del Paese, ma sar\u00e0 un&#8217;illusione mattutina: nelle ore pomeridiane l&#8217;instabilit\u00e0 prender\u00e0 il sopravvento, specialmente nelle zone interne del Centro-Sud. Qui non sono esclusi i primi temporali di stagione generati dall&#8217;attivit\u00e0 convettiva, ovvero il riscaldamento del suolo che favorisce lo sviluppo di nubi a evoluzione verticale. Pi\u00f9 sole invece al Nord.\u00a0<\/p>\n<p>Sul fronte della visibilit\u00e0, le notizie sono positive per gran parte della Penisola. Le fitte nebbie degli ultimi giorni lasceranno spazio a una maggiore limpidezza, con l&#8217;unica eccezione rappresentata dalle solite zone lungo il corso del Po. In queste aree, a causa dell&#8217;inversione termica e del ristagno di umidit\u00e0 tipico della valle, banchi di nebbia o nubi basse potranno ancora manifestarsi durante le ore pi\u00f9 fredde, diradandosi comunque con il passare delle ore.\u00a0<\/p>\n<p>Per vedere un cambiamento pi\u00f9 organizzato al Nord bisogner\u00e0 attendere la giornata di marted\u00ec. Un debole fronte perturbato riuscir\u00e0 a scalfire il bordo dell&#8217;alta pressione, portando il ritorno delle piogge sui settori del Nord-Ovest e Toscana. Si tratter\u00e0 di fenomeni localizzati e non particolarmente intensi, ma rappresentano il segnale di un&#8217;atmosfera che sta provando a ritrovare la sua naturale variabilit\u00e0 primaverile, mettendo fine alla monotonia anticiclonica che ha caratterizzato l&#8217;ultimo periodo.\u00a0<\/p>\n<p>Poche variazioni a livello termico, il nostro Paese continuer\u00e0 a restare in compagnia di temperature sopra la media del periodo e non si intravedono importanti cali termici nemmeno a lungo termine.\u00a0<\/p>\n<p>\u00a0<\/p>\n<p>Domenica 8. Al Nord: nubi in aumento al Nord-Ovest, con possibili piovaschi sulla Liguria. Al Centro: instabilit\u00e0 in aumento nelle ore pomeridiane, con acquazzoni primaverili nelle zone interne. Al Sud: variabile, rischio acquazzoni sparsi al pomeriggio, in attenuazione serale.\u00a0<\/p>\n<p>Luned\u00ec 9. Al Nord: nubi irregolari. Al Centro: instabilit\u00e0 pomeridiana sui rilievi interni. Al Sud: ancora variabilit\u00e0 con acquazzoni sparsi e sole.\u00a0<\/p>\n<p>Marted\u00ec 10. Al Nord: piogge sparse al Nordovest. Al Centro: instabilit\u00e0 pomeridiana sugli Appennini. Al Sud: poco nuvoloso, ma con instabilit\u00e0 pomeridiana sui rilievi.\u00a0<\/p>\n<p>Tendenza: instabilit\u00e0 pomeridiana tipica della primavera nelle aree interne, specie del centro-sud\u00a0<\/p>\n<p>&#8212;<\/p>\n<p>cronaca<\/p>\n<p>webinfo@adnkronos.com (Web Info)<\/p>\n<div style=\"display:flex; gap:10px;justify-content:center\" class=\"wps-pgfw-pdf-generate-icon__wrapper-frontend\">\n\t\t<a  href=\"https:\/\/ciaoup.it?action=genpdf&amp;id=60219\" class=\"pgfw-single-pdf-download-button\" ><img src=\"https:\/\/ciaoup.it\/wp-content\/plugins\/pdf-generator-for-wp\/admin\/src\/images\/PDF_Tray.svg\" title=\"Generate PDF\" style=\"width:auto; height:45px;\"><\/a>\n\t\t<\/div>","protected":false},"excerpt":{"rendered":"<p>(Adnkronos) &#8211; Tra schiarite, nubi e rischio temporali, \u00e8 un meteo in equilibrio precario quello&hellip;<\/p>\n","protected":false},"author":3,"featured_media":60220,"comment_status":"open","ping_status":"closed","sticky":false,"template":"","format":"standard","meta":{"footnotes":""},"categories":[12],"tags":[3],"class_list":["post-60219","post","type-post","status-publish","format-standard","has-post-thumbnail","hentry","category-comunicati","tag-ultimora"],"_links":{"self":[{"href":"https:\/\/ciaoup.it\/index.php?rest_route=\/wp\/v2\/posts\/60219","targetHints":{"allow":["GET"]}}],"collection":[{"href":"https:\/\/ciaoup.it\/index.php?rest_route=\/wp\/v2\/posts"}],"about":[{"href":"https:\/\/ciaoup.it\/index.php?rest_route=\/wp\/v2\/types\/post"}],"author":[{"embeddable":true,"href":"https:\/\/ciaoup.it\/index.php?rest_route=\/wp\/v2\/users\/3"}],"replies":[{"embeddable":true,"href":"https:\/\/ciaoup.it\/index.php?rest_route=%2Fwp%2Fv2%2Fcomments&post=60219"}],"version-history":[{"count":1,"href":"https:\/\/ciaoup.it\/index.php?rest_route=\/wp\/v2\/posts\/60219\/revisions"}],"predecessor-version":[{"id":60221,"href":"https:\/\/ciaoup.it\/index.php?rest_route=\/wp\/v2\/posts\/60219\/revisions\/60221"}],"wp:featuredmedia":[{"embeddable":true,"href":"https:\/\/ciaoup.it\/index.php?rest_route=\/wp\/v2\/media\/60220"}],"wp:attachment":[{"href":"https:\/\/ciaoup.it\/index.php?rest_route=%2Fwp%2Fv2%2Fmedia&parent=60219"}],"wp:term":[{"taxonomy":"category","embeddable":true,"href":"https:\/\/ciaoup.it\/index.php?rest_route=%2Fwp%2Fv2%2Fcategories&post=60219"},{"taxonomy":"post_tag","embeddable":true,"href":"https:\/\/ciaoup.it\/index.php?rest_route=%2Fwp%2Fv2%2Ftags&post=60219"}],"curies":[{"name":"wp","href":"https:\/\/api.w.org\/{rel}","templated":true}]}}