{"id":59534,"date":"2026-03-05T21:05:57","date_gmt":"2026-03-05T21:05:57","guid":{"rendered":"https:\/\/ciaoup.it\/?p=59534"},"modified":"2026-03-05T21:05:57","modified_gmt":"2026-03-05T21:05:57","slug":"harry-styles-sulla-morte-di-liam-payne-perderlo-e-stato-molto-difficile","status":"publish","type":"post","link":"https:\/\/ciaoup.it\/?p=59534","title":{"rendered":"Harry Styles sulla morte di Liam Payne: &#8220;Perderlo \u00e8 stato molto difficile&#8221;"},"content":{"rendered":"<p> (Adnkronos) &#8211; Per la prima volta Harry Styles parla del lutto che ha colpito gli ex One Direction, la morte di Liam Payne nell&#8217;ottobre 2024. &#8220;\u00c8 sempre difficile perdere un amico, ma \u00e8 ancora di pi\u00f9 difficile perderne uno  che ti assomiglia cos\u00ec tanto in cos\u00ec tanti modi&#8221;, ha detto il cantante a Zane Lowe di Apple Music nel corso di un&#8217;intervista in occasione del suo quarto album in studio, &#8216;Kiss All of the Time&#8217;. &#8220;\u00c8 stato un momento davvero importante per me, perch\u00e9 mi ha permesso di guardare alla mia vita e chiedermi: &#8216;Cosa voglio fare della mia vita? Come voglio vivere la mia vita?&#8217;. E penso che il modo migliore per onorare i propri amici che se ne vanno sia vivere al massimo&#8221;, ha continuato.\u00a0<\/p>\n<p>&#8220;Credo che ci sia stato un periodo, dopo la sua morte, &#8211; ha spiegato &#8211; in cui ho faticato molto a riconoscere quanto sia strano che altre persone si approprino in qualche modo di parte del tuo dolore. Provo emozioni molto forti per la morte del mio amico. E poi, all&#8217;improvviso, mi sono reso conto che forse c&#8217;\u00e8 un desiderio da parte degli altri che tu esprima in qualche modo ci\u00f2 che provi altrimenti significa che non lo stai provando&#8221;.\u00a0<\/p>\n<p>Payne \u00e8 morto a soli 31 anni precipitando dal balcone di un hotel a Buenos Aires. Sul fatto sono ancora in corso le indagini.\u00a0<\/p>\n<p>&#8212;<\/p>\n<p>spettacoli<\/p>\n<p>webinfo@adnkronos.com (Web Info)<\/p>\n<div style=\"display:flex; gap:10px;justify-content:center\" class=\"wps-pgfw-pdf-generate-icon__wrapper-frontend\">\n\t\t<a  href=\"https:\/\/ciaoup.it?action=genpdf&amp;id=59534\" class=\"pgfw-single-pdf-download-button\" ><img src=\"https:\/\/ciaoup.it\/wp-content\/plugins\/pdf-generator-for-wp\/admin\/src\/images\/PDF_Tray.svg\" title=\"Generate PDF\" style=\"width:auto; height:45px;\"><\/a>\n\t\t<\/div>","protected":false},"excerpt":{"rendered":"<p>(Adnkronos) &#8211; Per la prima volta Harry Styles parla del lutto che ha colpito gli&hellip;<\/p>\n","protected":false},"author":3,"featured_media":59535,"comment_status":"open","ping_status":"closed","sticky":false,"template":"","format":"standard","meta":{"footnotes":""},"categories":[12],"tags":[3],"class_list":["post-59534","post","type-post","status-publish","format-standard","has-post-thumbnail","hentry","category-comunicati","tag-ultimora"],"_links":{"self":[{"href":"https:\/\/ciaoup.it\/index.php?rest_route=\/wp\/v2\/posts\/59534","targetHints":{"allow":["GET"]}}],"collection":[{"href":"https:\/\/ciaoup.it\/index.php?rest_route=\/wp\/v2\/posts"}],"about":[{"href":"https:\/\/ciaoup.it\/index.php?rest_route=\/wp\/v2\/types\/post"}],"author":[{"embeddable":true,"href":"https:\/\/ciaoup.it\/index.php?rest_route=\/wp\/v2\/users\/3"}],"replies":[{"embeddable":true,"href":"https:\/\/ciaoup.it\/index.php?rest_route=%2Fwp%2Fv2%2Fcomments&post=59534"}],"version-history":[{"count":1,"href":"https:\/\/ciaoup.it\/index.php?rest_route=\/wp\/v2\/posts\/59534\/revisions"}],"predecessor-version":[{"id":59537,"href":"https:\/\/ciaoup.it\/index.php?rest_route=\/wp\/v2\/posts\/59534\/revisions\/59537"}],"wp:featuredmedia":[{"embeddable":true,"href":"https:\/\/ciaoup.it\/index.php?rest_route=\/wp\/v2\/media\/59535"}],"wp:attachment":[{"href":"https:\/\/ciaoup.it\/index.php?rest_route=%2Fwp%2Fv2%2Fmedia&parent=59534"}],"wp:term":[{"taxonomy":"category","embeddable":true,"href":"https:\/\/ciaoup.it\/index.php?rest_route=%2Fwp%2Fv2%2Fcategories&post=59534"},{"taxonomy":"post_tag","embeddable":true,"href":"https:\/\/ciaoup.it\/index.php?rest_route=%2Fwp%2Fv2%2Ftags&post=59534"}],"curies":[{"name":"wp","href":"https:\/\/api.w.org\/{rel}","templated":true}]}}