{"id":59531,"date":"2026-03-05T20:46:01","date_gmt":"2026-03-05T20:46:01","guid":{"rendered":"https:\/\/ciaoup.it\/?p=59531"},"modified":"2026-03-05T20:46:01","modified_gmt":"2026-03-05T20:46:01","slug":"referendum-giustizia-il-sondaggio-testa-a-testa-si-al-505-e-no-al-495","status":"publish","type":"post","link":"https:\/\/ciaoup.it\/?p=59531","title":{"rendered":"Referendum giustizia, il sondaggio: testa a testa s\u00ec al 50,5% e no al 49,5%"},"content":{"rendered":"<p> (Adnkronos) &#8211;<br \/>\nTesta a testa tra s\u00ec e no a meno di 20 giorni dal referendum sulla riforma della giustizia. Il duello all&#8217;insegna dell&#8217;equilibrio, con meno di un punto di differenza, \u00e8 descritto dal sondaggio dell&#8217;Istituto &#8216;Only Numbers&#8217; (Alessandra Ghisleri) per Porta a Porta.  &#8220;Il 38% degli italiani dichiara che il 22 e il 23 marzo andr\u00e0 a votare per il referendum confermativo sulla riforma della giustizia, non andr\u00e0 il 21%, indecisi il 41%&#8221;, \u00e8 la premessa, che evidenzia l&#8217;affluenza estremamente bassa e il ruolo chiave degli indecisi: sono tantissimi, a giudicare dal sondaggio, i potenziali elettori che non hanno scelto se votare o meno.\u00a0<\/p>\n<p>Tra chi andr\u00e0 alle urne, &#8220;il 47,9%  voterebbe s\u00ec alla conferma della legge di riforma della giustizia. Erano il 47,2% nella scorsa rilevazione del 16 febbraio, mentre il 47% voterebbe no, quindi per l&#8217;abrogazione (erano il 43,1%). In percentuale il s\u00ec \u00e8 dato al 50,5% mentre il no si attesta al 49,5% ( 0,3% le schede bianche, 4,8% ancora non sa se voter\u00e0 si, no o bianca)&#8221;.\u00a0<\/p>\n<p>\u00a0<\/p>\n<p>Alla domanda &#8220;la legge prevede l&#8217;introduzione di due diversi Consigli superiori della magistratura, composti rispettivamente da pubblici ministeri e da magistrati giudicanti, entrambi presieduti dal presidente della Repubblica, lei \u00e8 favorevole o contrario?&#8221; risponde &#8220;favorevole il 43,4% degli intervistati, contrario il 39,8%, non sa il 16,8%&#8221;.\u00a0<\/p>\n<p>Alla domanda, invece &#8220;i due Consigli superiori saranno composti per due terzi da magistrati sorteggiati all&#8217;interno della categoria e per un terzo da professori universitari o avvocati con almeno 15 anni di attivit\u00e0 professionale, sorteggiati all&#8217;interno di un elenco approvato dal Parlamento in seduta comune&#8221; sono favorevoli il 41,2% degli intervistati, contrari il 41%, indecisi o non sanno il 17,8%&#8221;. \u00a0<\/p>\n<p>Infine, alla domanda &#8220;la legge prevede che i magistrati vengano giudicati da un&#8217;alta corte disciplinare, composta da 15 membri, tre nominati dal presidente della Repubblica, tre da professori universitari e avvocati con almeno 20 anni di anzianit\u00e0 estratti a sorte in un elenco approvato dal Parlamento in seduta comune e a nove magistrati estratti a sorte tra i pubblici ministeri e i magistrati giudicanti&#8221;, \u00e8 favorevole il 43,9% degli italiani, contrario il 38,4%, non sa il 17,7%.\u00a0<\/p>\n<p>&#8212;<\/p>\n<p>politica<\/p>\n<p>webinfo@adnkronos.com (Web Info)<\/p>\n<div style=\"display:flex; gap:10px;justify-content:center\" class=\"wps-pgfw-pdf-generate-icon__wrapper-frontend\">\n\t\t<a  href=\"https:\/\/ciaoup.it?action=genpdf&amp;id=59531\" class=\"pgfw-single-pdf-download-button\" ><img src=\"https:\/\/ciaoup.it\/wp-content\/plugins\/pdf-generator-for-wp\/admin\/src\/images\/PDF_Tray.svg\" title=\"Generate PDF\" style=\"width:auto; height:45px;\"><\/a>\n\t\t<\/div>","protected":false},"excerpt":{"rendered":"<p>(Adnkronos) &#8211; Testa a testa tra s\u00ec e no a meno di 20 giorni dal&hellip;<\/p>\n","protected":false},"author":3,"featured_media":59532,"comment_status":"open","ping_status":"closed","sticky":false,"template":"","format":"standard","meta":{"footnotes":""},"categories":[12],"tags":[3],"class_list":["post-59531","post","type-post","status-publish","format-standard","has-post-thumbnail","hentry","category-comunicati","tag-ultimora"],"_links":{"self":[{"href":"https:\/\/ciaoup.it\/index.php?rest_route=\/wp\/v2\/posts\/59531","targetHints":{"allow":["GET"]}}],"collection":[{"href":"https:\/\/ciaoup.it\/index.php?rest_route=\/wp\/v2\/posts"}],"about":[{"href":"https:\/\/ciaoup.it\/index.php?rest_route=\/wp\/v2\/types\/post"}],"author":[{"embeddable":true,"href":"https:\/\/ciaoup.it\/index.php?rest_route=\/wp\/v2\/users\/3"}],"replies":[{"embeddable":true,"href":"https:\/\/ciaoup.it\/index.php?rest_route=%2Fwp%2Fv2%2Fcomments&post=59531"}],"version-history":[{"count":1,"href":"https:\/\/ciaoup.it\/index.php?rest_route=\/wp\/v2\/posts\/59531\/revisions"}],"predecessor-version":[{"id":59536,"href":"https:\/\/ciaoup.it\/index.php?rest_route=\/wp\/v2\/posts\/59531\/revisions\/59536"}],"wp:featuredmedia":[{"embeddable":true,"href":"https:\/\/ciaoup.it\/index.php?rest_route=\/wp\/v2\/media\/59532"}],"wp:attachment":[{"href":"https:\/\/ciaoup.it\/index.php?rest_route=%2Fwp%2Fv2%2Fmedia&parent=59531"}],"wp:term":[{"taxonomy":"category","embeddable":true,"href":"https:\/\/ciaoup.it\/index.php?rest_route=%2Fwp%2Fv2%2Fcategories&post=59531"},{"taxonomy":"post_tag","embeddable":true,"href":"https:\/\/ciaoup.it\/index.php?rest_route=%2Fwp%2Fv2%2Ftags&post=59531"}],"curies":[{"name":"wp","href":"https:\/\/api.w.org\/{rel}","templated":true}]}}