{"id":59482,"date":"2026-03-05T17:33:00","date_gmt":"2026-03-05T17:33:00","guid":{"rendered":"https:\/\/ciaoup.it\/?p=59482"},"modified":"2026-03-05T17:33:00","modified_gmt":"2026-03-05T17:33:00","slug":"tram-deragliato-a-milano-la-compagna-di-una-delle-due-vittime-andava-fortissimo","status":"publish","type":"post","link":"https:\/\/ciaoup.it\/?p=59482","title":{"rendered":"Tram deragliato a Milano, la compagna di una delle due vittime: &#8220;Andava fortissimo&#8221;"},"content":{"rendered":"<p> (Adnkronos) &#8211; Il tram della linea 9 deragliato venerd\u00ec scorso a Milano &#8220;andava fortissimo&#8221; fin da quando Flores Calderon e il compagno Ferdinando Favia, morto nell\u2019incidente insieme a Johnson Lucky Okon, sono saliti alla fermata di via Fabio Filzi, oltre un chilometro prima del luogo del disastro. Lo ha detto la donna, sentita oggi al Reparto Radiomobile della Polizia locale di Milano, dopo l&#8217;incidente di venerd\u00ec scorso che ha provocato due morti in viale Vittorio Veneto a Milano. &#8220;Sono molto dispiaciuta per quello che \u00e8 successo. Non \u00e8 possibile che nel 2026 succeda su un tram nuovo. \u00c8 una cosa veramente grave, non \u00e8 possibile&#8221;, si dispera Calderon, rimasta ferita nello schianto. &#8220;Mi sento ancora male. Sono molto dispiaciuta per tutto quello che \u00e8 successo. \u00c8 una cosa incredibile&#8221;, dice ai cronisti prima di entrare negli uffici della polizia locale, riferendo a pi\u00f9 riprese che &#8220;appena siamo saliti&#8221; abbiamo notato &#8220;una forte velocit\u00e0&#8221;. \u00a0<\/p>\n<p>Il tram &#8220;andava fortissimo, \u00e8 stato tremendo. Perch\u00e9 un treno deve correre cos\u00ec?&#8221;. Dopo il deragliamento &#8220;abbiamo visto tutti andare di qua e di l\u00e0. Un caos. Urlavano tutti, c\u2019era anche un bambino&#8221;, racconta tra le lacrime Calderon. &#8220;Meno male Rudy (il compagno, ndr.) mi ha sostenuto, poi ho perso conoscenza, forse perch\u00e9 ho preso un colpo e non mi ricordo&#8221; pi\u00f9 nulla. &#8220;Per quanto ci riguarda &#8211; aggiunge il legale della donna, Stefano Benvenuto &#8211; valuteremo sia la situazione tecnica del mezzo, sia lo stato dei luoghi. Inoltre, domani si proceder\u00e0 con l&#8217;esame autoptico, per avere una visione globale dei fatti per poi poter dedurre le nostre conclusioni insieme alla Procura&#8221;.\u00a0<\/p>\n<p>\u00a0<\/p>\n<p>La Procura di Milano ha sequestrato le scarpe al tranviere sessantenne. Si tratta di un accertamento per capire se il suo racconto  trova conferma. L&#8217;uomo ha raccontato che quel venerd\u00ec pomeriggio, subito dopo essere entrato in servizio, \u00e8 uscito dalla cabina per aiutare un disabile in carrozzina a salire a bordo. Nel corso dell\u2019operazione, la sedia a rotelle gli sarebbe finita accidentalmente sull\u2019alluce del piede sinistro, provocandogli un trauma. Gli accertamenti medici hanno dato conto della contusione: l&#8217;alluce \u00e8 nero e l&#8217;unghia \u00e8 staccata. Il sequestro delle calzature \u00e8 per vedere se c&#8217;\u00e8 traccia delle ruote della carrozzina.\u00a0<\/p>\n<p>Il tranviere 60enne \u00e8 indagato per disastro ferroviario, omicidio colposo e lesioni colposi. In attesa di capire le cause del deragliamento, l&#8217;avvocato del tranviere ha pi\u00f9 volte ribadito che il suo assistito dichiara di aver avuto &#8220;un malore&#8221;.\u00a0<\/p>\n<p>\u00a0<\/p>\n<p>&#8212;<\/p>\n<p>cronaca<\/p>\n<p>webinfo@adnkronos.com (Web Info)<\/p>\n<div style=\"display:flex; gap:10px;justify-content:center\" class=\"wps-pgfw-pdf-generate-icon__wrapper-frontend\">\n\t\t<a  href=\"https:\/\/ciaoup.it?action=genpdf&amp;id=59482\" class=\"pgfw-single-pdf-download-button\" ><img src=\"https:\/\/ciaoup.it\/wp-content\/plugins\/pdf-generator-for-wp\/admin\/src\/images\/PDF_Tray.svg\" title=\"Generate PDF\" style=\"width:auto; height:45px;\"><\/a>\n\t\t<\/div>","protected":false},"excerpt":{"rendered":"<p>(Adnkronos) &#8211; Il tram della linea 9 deragliato venerd\u00ec scorso a Milano &#8220;andava fortissimo&#8221; fin&hellip;<\/p>\n","protected":false},"author":3,"featured_media":59483,"comment_status":"open","ping_status":"closed","sticky":false,"template":"","format":"standard","meta":{"footnotes":""},"categories":[12],"tags":[3],"class_list":["post-59482","post","type-post","status-publish","format-standard","has-post-thumbnail","hentry","category-comunicati","tag-ultimora"],"_links":{"self":[{"href":"https:\/\/ciaoup.it\/index.php?rest_route=\/wp\/v2\/posts\/59482","targetHints":{"allow":["GET"]}}],"collection":[{"href":"https:\/\/ciaoup.it\/index.php?rest_route=\/wp\/v2\/posts"}],"about":[{"href":"https:\/\/ciaoup.it\/index.php?rest_route=\/wp\/v2\/types\/post"}],"author":[{"embeddable":true,"href":"https:\/\/ciaoup.it\/index.php?rest_route=\/wp\/v2\/users\/3"}],"replies":[{"embeddable":true,"href":"https:\/\/ciaoup.it\/index.php?rest_route=%2Fwp%2Fv2%2Fcomments&post=59482"}],"version-history":[{"count":1,"href":"https:\/\/ciaoup.it\/index.php?rest_route=\/wp\/v2\/posts\/59482\/revisions"}],"predecessor-version":[{"id":59487,"href":"https:\/\/ciaoup.it\/index.php?rest_route=\/wp\/v2\/posts\/59482\/revisions\/59487"}],"wp:featuredmedia":[{"embeddable":true,"href":"https:\/\/ciaoup.it\/index.php?rest_route=\/wp\/v2\/media\/59483"}],"wp:attachment":[{"href":"https:\/\/ciaoup.it\/index.php?rest_route=%2Fwp%2Fv2%2Fmedia&parent=59482"}],"wp:term":[{"taxonomy":"category","embeddable":true,"href":"https:\/\/ciaoup.it\/index.php?rest_route=%2Fwp%2Fv2%2Fcategories&post=59482"},{"taxonomy":"post_tag","embeddable":true,"href":"https:\/\/ciaoup.it\/index.php?rest_route=%2Fwp%2Fv2%2Ftags&post=59482"}],"curies":[{"name":"wp","href":"https:\/\/api.w.org\/{rel}","templated":true}]}}