{"id":59476,"date":"2026-03-05T17:54:52","date_gmt":"2026-03-05T17:54:52","guid":{"rendered":"https:\/\/ciaoup.it\/?p=59476"},"modified":"2026-03-05T17:54:52","modified_gmt":"2026-03-05T17:54:52","slug":"life-in-motion-allarena-di-verona-la-cerimonia-di-apertura-delle-paralimpiadi-di-milano-cortina","status":"publish","type":"post","link":"https:\/\/ciaoup.it\/?p=59476","title":{"rendered":"&#8216;Life in motion&#8217;: all&#8217;Arena di Verona la cerimonia di apertura delle Paralimpiadi di Milano Cortina"},"content":{"rendered":"<p> (Adnkronos) &#8211; Il successo delle Olimpiadi italiane \u00e8 ancora vivo. Il viaggio di Milano Cortina 2026, per\u00f2, non \u00e8 ancora finito. \u00c8 pronto anzi ad aprire un nuovo capitolo con i Giochi Paralimpici, introdotti da uno spettacolo che punter\u00e0 su valori universali e un forte messaggio culturale. Alfredo Accatino, direttore creativo di Filmmaster, ha curato insieme alla sua squadra la cerimonia di apertura delle Paralimpiadi e ha raccontato all&#8217;Adnkronos le coordinate dell&#8217;evento: \u201cArriviamo da un successo per certi versi inaspettato, oltre le previsioni. Ci ha dato una grande carica. Dopo uno show cos\u00ec importante spesso l&#8217;adrenalina cala, invece noi siamo ripartiti subito. Ci scommetto, sar\u00e0 uno spettacolo bellissimo\u201d. L\u2019appuntamento \u00e8 per domani, venerd\u00ec 6 marzo, all\u2019Arena di Verona.\u00a0<\/p>\n<p>La cerimonia di apertura delle Paralimpiadi \u00e8 stata pensata (anche) in continuit\u00e0 con la chiusura dei Giochi Olimpici. A partire dalla location, la maestosa Arena di Verona: \u201cAbbiamo ragionato &#8211; spiega Accatino &#8211; su due titoli. Da Beauty in Action, bellezza in movimento, a Life in Motion. Una sorta di saga divisa in due capitoli&#8221;. Il concetto chiave \u00e8 proprio il movimento, declinato in pi\u00f9 significati. \u201c\u00c8 da intendere come cambiamento, ma anche come movimento in senso paralimpico, capace di cambiare le regole e la percezione delle cose. Sar\u00e0 questo il filo conduttore della cerimonia, insieme a valori universali che parlano al mondo contemporaneo\u201d.\u00a0<\/p>\n<p>Tra i temi centrali ci sar\u00e0 la pace, in un periodo storico segnato da numerosi conflitti. \u201cE un argomento importante sar\u00e0 l\u2019amore, omaggio alla pace e alla vita\u201d. Non mancher\u00e0 poi il riferimento allo spazio, inteso come diritto all\u2019inclusione. \u201cParleremo di spaces, cio\u00e8 del diritto ad avere uno spazio giusto per noi. \u00c8 un richiamo al mondo che ci circonda, che deve permetterci di esprimerci senza vincoli architettonici\u201d.\u00a0<\/p>\n<p>La serata vedr\u00e0 la partecipazione di numerosi ospiti internazionali, ognuno scelto per un significato. &#8220;Tra questi Stewart Copeland, storico batterista e fondatore dei Police, che si esibir\u00e0 in un dialogo musicale con un batterista con disabilit\u00e0 e con una giovane batterista veronese&#8221;. Ci saranno anche i Meduza, Miky Bionic e Dardust, protagonista di un progetto musicale pensato appositamente per la cerimonia.\u00a0<\/p>\n<p>Sul palco saliranno inoltre due giovani voci della scena musicale, le ultime due vincitrici di X Factor, Mim\u00ec Caruso e Rob, entrambe giovanissime. \u201cCanteranno insieme \u2013 precisa Accatino \u2013. Abbiamo voluto affiancarle ad artisti provenienti da altre parti del mondo, \u00e8 una contaminazione che ci piace\u201d. A Verona, insomma, andr\u00e0 in scena una cerimonia da non perdere, trasmessa in prima serata su Rai 1. \u201c\u00c8 un messaggio molto importante e ci tengo a sottolinearlo, soprattutto dopo il grande successo delle Olimpiadi. Portare questo evento in prima serata, pochi giorni dopo Sanremo, \u00e8 un atto di coraggio e dimostra la consapevolezza dell\u2019importanza delle Paralimpiadi. Seguirla sar\u00e0 importante, la crescita civile  passa anche da questi momenti\u201d. (di Michele Antonelli)\u00a0<\/p>\n<p>&#8212;<\/p>\n<p>milano-cortina-2026\/eventi<\/p>\n<p>webinfo@adnkronos.com (Web Info)<\/p>\n<div style=\"display:flex; gap:10px;justify-content:center\" class=\"wps-pgfw-pdf-generate-icon__wrapper-frontend\">\n\t\t<a  href=\"https:\/\/ciaoup.it?action=genpdf&amp;id=59476\" class=\"pgfw-single-pdf-download-button\" ><img src=\"https:\/\/ciaoup.it\/wp-content\/plugins\/pdf-generator-for-wp\/admin\/src\/images\/PDF_Tray.svg\" title=\"Generate PDF\" style=\"width:auto; height:45px;\"><\/a>\n\t\t<\/div>","protected":false},"excerpt":{"rendered":"<p>(Adnkronos) &#8211; Il successo delle Olimpiadi italiane \u00e8 ancora vivo. Il viaggio di Milano Cortina&hellip;<\/p>\n","protected":false},"author":3,"featured_media":59477,"comment_status":"open","ping_status":"closed","sticky":false,"template":"","format":"standard","meta":{"footnotes":""},"categories":[12],"tags":[3],"class_list":["post-59476","post","type-post","status-publish","format-standard","has-post-thumbnail","hentry","category-comunicati","tag-ultimora"],"_links":{"self":[{"href":"https:\/\/ciaoup.it\/index.php?rest_route=\/wp\/v2\/posts\/59476","targetHints":{"allow":["GET"]}}],"collection":[{"href":"https:\/\/ciaoup.it\/index.php?rest_route=\/wp\/v2\/posts"}],"about":[{"href":"https:\/\/ciaoup.it\/index.php?rest_route=\/wp\/v2\/types\/post"}],"author":[{"embeddable":true,"href":"https:\/\/ciaoup.it\/index.php?rest_route=\/wp\/v2\/users\/3"}],"replies":[{"embeddable":true,"href":"https:\/\/ciaoup.it\/index.php?rest_route=%2Fwp%2Fv2%2Fcomments&post=59476"}],"version-history":[{"count":1,"href":"https:\/\/ciaoup.it\/index.php?rest_route=\/wp\/v2\/posts\/59476\/revisions"}],"predecessor-version":[{"id":59497,"href":"https:\/\/ciaoup.it\/index.php?rest_route=\/wp\/v2\/posts\/59476\/revisions\/59497"}],"wp:featuredmedia":[{"embeddable":true,"href":"https:\/\/ciaoup.it\/index.php?rest_route=\/wp\/v2\/media\/59477"}],"wp:attachment":[{"href":"https:\/\/ciaoup.it\/index.php?rest_route=%2Fwp%2Fv2%2Fmedia&parent=59476"}],"wp:term":[{"taxonomy":"category","embeddable":true,"href":"https:\/\/ciaoup.it\/index.php?rest_route=%2Fwp%2Fv2%2Fcategories&post=59476"},{"taxonomy":"post_tag","embeddable":true,"href":"https:\/\/ciaoup.it\/index.php?rest_route=%2Fwp%2Fv2%2Ftags&post=59476"}],"curies":[{"name":"wp","href":"https:\/\/api.w.org\/{rel}","templated":true}]}}