{"id":59447,"date":"2026-03-05T16:52:11","date_gmt":"2026-03-05T16:52:11","guid":{"rendered":"https:\/\/ciaoup.it\/?p=59447"},"modified":"2026-03-05T16:52:11","modified_gmt":"2026-03-05T16:52:11","slug":"iran-botta-e-risposta-tra-tajani-e-dalema-cosa-e-successo","status":"publish","type":"post","link":"https:\/\/ciaoup.it\/?p=59447","title":{"rendered":"Iran, botta e risposta tra Tajani e D&#8217;Alema: cosa \u00e8 successo"},"content":{"rendered":"<p> (Adnkronos) &#8211; Attacco del  vicepremier e ministro degli Esteri Tajani a Massimo D&#8217;Alema durante la sua replica alla Camera dopo l&#8217;intervento sugli sviluppi della crisi in Iran e nel Golfo. &#8220;Io non mi devo vergognare di nulla&#8221;, ma &#8220;forse \u00e8 qualcun altro che si deve vergognare di quello che ha fatto in passato&#8221;. Perch\u00e9 &#8220;chi non ha rispettato il Parlamento mandando gli aerei a bombardare i Balcani \u00e8 stato il presidente del Consiglio Massimo D&#8217;Alema&#8221;, ha detto Tajani in Aula.\u00a0<\/p>\n<p>Immediata la replica dell&#8217;ex presidente del Consiglio. &#8220;Non vorrei infierire sul ministro Tajani, gi\u00e0 impegnato a infierire su se stesso con dichiarazioni e apparizioni televisive che spero non danneggino la credibilit\u00e0 della Farnesina. Per quanto riguarda il Kosovo lo rimando al discorso con il quale il presidente Berlusconi espresse, il 26 marzo 1999, il suo sostegno all\u2019azione del mio governo, rivendicando anzi che quel sostegno fosse decisivo perch\u00e9 altrimenti, a parer suo, il governo non avrebbe avuto una maggioranza in politica estera. Chiss\u00e0 se Berlusconi sarebbe lieto di ci\u00f2 che afferma chi oggi porta i colori di Forza Italia&#8221;, ha dichiarato D\u2019Alema.\u00a0<\/p>\n<p>&#8212;<\/p>\n<p>internazionale\/esteri<\/p>\n<p>webinfo@adnkronos.com (Web Info)<\/p>\n<div style=\"display:flex; gap:10px;justify-content:center\" class=\"wps-pgfw-pdf-generate-icon__wrapper-frontend\">\n\t\t<a  href=\"https:\/\/ciaoup.it?action=genpdf&amp;id=59447\" class=\"pgfw-single-pdf-download-button\" ><img src=\"https:\/\/ciaoup.it\/wp-content\/plugins\/pdf-generator-for-wp\/admin\/src\/images\/PDF_Tray.svg\" title=\"Generate PDF\" style=\"width:auto; height:45px;\"><\/a>\n\t\t<\/div>","protected":false},"excerpt":{"rendered":"<p>(Adnkronos) &#8211; Attacco del vicepremier e ministro degli Esteri Tajani a Massimo D&#8217;Alema durante la&hellip;<\/p>\n","protected":false},"author":3,"featured_media":0,"comment_status":"open","ping_status":"closed","sticky":false,"template":"","format":"standard","meta":{"footnotes":""},"categories":[12],"tags":[3],"class_list":["post-59447","post","type-post","status-publish","format-standard","hentry","category-comunicati","tag-ultimora"],"_links":{"self":[{"href":"https:\/\/ciaoup.it\/index.php?rest_route=\/wp\/v2\/posts\/59447","targetHints":{"allow":["GET"]}}],"collection":[{"href":"https:\/\/ciaoup.it\/index.php?rest_route=\/wp\/v2\/posts"}],"about":[{"href":"https:\/\/ciaoup.it\/index.php?rest_route=\/wp\/v2\/types\/post"}],"author":[{"embeddable":true,"href":"https:\/\/ciaoup.it\/index.php?rest_route=\/wp\/v2\/users\/3"}],"replies":[{"embeddable":true,"href":"https:\/\/ciaoup.it\/index.php?rest_route=%2Fwp%2Fv2%2Fcomments&post=59447"}],"version-history":[{"count":1,"href":"https:\/\/ciaoup.it\/index.php?rest_route=\/wp\/v2\/posts\/59447\/revisions"}],"predecessor-version":[{"id":59474,"href":"https:\/\/ciaoup.it\/index.php?rest_route=\/wp\/v2\/posts\/59447\/revisions\/59474"}],"wp:attachment":[{"href":"https:\/\/ciaoup.it\/index.php?rest_route=%2Fwp%2Fv2%2Fmedia&parent=59447"}],"wp:term":[{"taxonomy":"category","embeddable":true,"href":"https:\/\/ciaoup.it\/index.php?rest_route=%2Fwp%2Fv2%2Fcategories&post=59447"},{"taxonomy":"post_tag","embeddable":true,"href":"https:\/\/ciaoup.it\/index.php?rest_route=%2Fwp%2Fv2%2Ftags&post=59447"}],"curies":[{"name":"wp","href":"https:\/\/api.w.org\/{rel}","templated":true}]}}