{"id":59376,"date":"2026-03-05T15:13:56","date_gmt":"2026-03-05T15:13:56","guid":{"rendered":"https:\/\/ciaoup.it\/?p=59376"},"modified":"2026-03-05T15:13:56","modified_gmt":"2026-03-05T15:13:56","slug":"iran-minaccia-alleuropa-se-restera-in-silenzio-tutti-ne-pagheranno-il-prezzo","status":"publish","type":"post","link":"https:\/\/ciaoup.it\/?p=59376","title":{"rendered":"Iran, minaccia all&#8217;Europa: &#8220;Se rester\u00e0 in silenzio, tutti ne pagheranno il prezzo&#8221;"},"content":{"rendered":"<p> (Adnkronos) &#8211;<br \/>\nL&#8217;Iran minaccia l&#8217;Europa, e quindi anche l&#8217;Italia: &#8220;Se rimarr\u00e0 in silenzio&#8221; di fronte alla &#8220;violazione del diritto internazionale&#8221; rappresentata dall&#8217;attacco statunitense e israeliano, &#8220;tutti i Paesi ne pagheranno il prezzo prima o poi&#8221;. &#8220;Chi rimane in silenzio sar\u00e0 complice di questa ingiustizia&#8230; Ci\u00f2 che ci si aspetta dai Paesi europei \u00e8 che rompano il silenzio, perch\u00e9 questa \u00e8 un&#8217;ingiustizia contro tutte le civilt\u00e0, contro una nazione&#8221;, ha dichiarato il portavoce del ministero degli Esteri iraniano Ismail Baghaei in un&#8217;intervista al canale 24 Horas della TVE. &#8220;Nessun Paese delle Nazioni Unite pu\u00f2 rimanere indifferente&#8221;. \u00a0<\/p>\n<p>Alla domanda se l&#8217;Iran fosse responsabile del lancio di droni su una base britannica a Cipro, il portavoce del regime degli ayatollah ha dichiarato: &#8220;Siamo vittime di attacchi in una guerra ingiusta e ci stiamo difendendo. Sappiamo che gli Stati Uniti e altri paesi stanno sfruttando i paesi confinanti con l&#8217;Iran per preparare una guerra di aggressione contro il nostro paese&#8221;.\u00a0<\/p>\n<p>&#8220;Non attaccheremo nessuna nazione nella regione. Ci impegniamo a mantenere buoni rapporti con i nostri vicini arabi musulmani, ma il problema \u00e8 che questi territori vengono sfruttati dagli Stati Uniti per la preparazione e la logistica in vista del lancio di missili contro l&#8217;Iran&#8221;, ha spiegato Baghaei, che ha infine ribadito come l&#8217;Iran non abbia lanciato un missile contro la Turchia:  &#8220;Ci hanno accusati di attaccare la Turchia e non \u00e8 cos\u00ec&#8221;.\u00a0<\/p>\n<p>\u00a0<\/p>\n<p>Oggi i ministri degli Esteri dell&#8217;Unione Europea e del Consiglio di Cooperazione del Golfo (Bahrein, Kuwait, Oman, Qatar, Arabia Saudita ed Emirati Arabi Uniti), hanno diffuso una dichiarazione congiunta in cui non vengono citati, nemmeno una volta, Stati Uniti e Israele.\u00a0<\/p>\n<p>L&#8217;assenza \u00e8 il segno, probabilmente, della diversit\u00e0 delle posizioni in merito al giudizio sull&#8217;azione militare congiunta, asseritamente preventiva, condotta dalle forze statunitensi e da quelle israeliane, che ha portato all&#8217;uccisione, tra gli altri, di Ali Khamenei, ritenuto responsabile dei massacri di dimostranti avvenuti in Iran tra dicembre e gennaio.\u00a0<\/p>\n<p>La stessa Alta Rappresentante Kaja Kallas ha detto, prima della riunione, che trovare un accordo su una dichiarazione comune tra l&#8217;Ue il Consiglio del Golfo era ancora pi\u00f9 complicato che tra i 27. Neppure la dichiarazione diffusa domenica sera dopo la videoconferenza tra i 27 ministri menzionava i due Paesi che hanno dato il via alle ostilit\u00e0, a conferma delle divisioni che percorrono i Paesi dell&#8217;Ue (la Spagna ha apertamente condannato l&#8217;attacco di Israele e Usa, a differenza di molti altri Paesi, pi\u00f9 cauti).\u00a0<\/p>\n<p>\u00a0<\/p>\n<p>Contro la rappresaglia iraniana sono arrivate le parole proprio di Kallas: &#8220;Teheran sta esportando la guerra, cercando di estenderla al maggior numero possibile di paesi per seminare il caos&#8221;, ha accusato l&#8217;Alta rappresentante europea per gli Affari esteri, &#8220;quelli che vediamo in Medio Oriente sono in realt\u00e0 gli stessi droni che attaccano Kiev ogni giorno e l&#8217;Ucraina pu\u00f2 aiutare i paesi del Golfo, perch\u00e9 hanno sviluppato intercettori e sistemi di protezione dai droni. Quindi vedremo anche come possiamo mettere insieme queste cose per aiutare i paesi a respingere gli attacchi dei droni&#8221;.\u00a0<\/p>\n<p>Kallas ha anche osservato che &#8220;di solito i regimi crollano dall&#8217;interno, non a causa di attacchi esterni. Ma ovviamente il regime \u00e8 stato notevolmente indebolito&#8221;, ha aggiunto, quindi la situazione determinata dall&#8217;attacco di Israele e Usa &#8220;offre anche al popolo iraniano l&#8217;opportunit\u00e0 di decidere effettivamente il proprio futuro&#8221;.\u00a0<\/p>\n<p>L&#8217;Ue e i Paesi del Golfo sono comunque concordi nel chiedere il &#8220;rispetto del diritto internazionale&#8221; nel Medio Oriente e in Iran. Una posizione ribadita proprio da Kallas: &#8220;La nostra visione comune \u00e8 che vogliamo stabilit\u00e0 nella regione. Vogliamo che questa guerra non vada oltre e vogliamo il rispetto del diritto internazionale&#8221;, ha concluso.\u00a0<\/p>\n<p>\u00a0<\/p>\n<p>&#8212;<\/p>\n<p>internazionale\/esteri<\/p>\n<p>webinfo@adnkronos.com (Web Info)<\/p>\n<div style=\"display:flex; gap:10px;justify-content:center\" class=\"wps-pgfw-pdf-generate-icon__wrapper-frontend\">\n\t\t<a  href=\"https:\/\/ciaoup.it?action=genpdf&amp;id=59376\" class=\"pgfw-single-pdf-download-button\" ><img src=\"https:\/\/ciaoup.it\/wp-content\/plugins\/pdf-generator-for-wp\/admin\/src\/images\/PDF_Tray.svg\" title=\"Generate PDF\" style=\"width:auto; height:45px;\"><\/a>\n\t\t<\/div>","protected":false},"excerpt":{"rendered":"<p>(Adnkronos) &#8211; L&#8217;Iran minaccia l&#8217;Europa, e quindi anche l&#8217;Italia: &#8220;Se rimarr\u00e0 in silenzio&#8221; di fronte&hellip;<\/p>\n","protected":false},"author":3,"featured_media":59377,"comment_status":"open","ping_status":"closed","sticky":false,"template":"","format":"standard","meta":{"footnotes":""},"categories":[12],"tags":[3],"class_list":["post-59376","post","type-post","status-publish","format-standard","has-post-thumbnail","hentry","category-comunicati","tag-ultimora"],"_links":{"self":[{"href":"https:\/\/ciaoup.it\/index.php?rest_route=\/wp\/v2\/posts\/59376","targetHints":{"allow":["GET"]}}],"collection":[{"href":"https:\/\/ciaoup.it\/index.php?rest_route=\/wp\/v2\/posts"}],"about":[{"href":"https:\/\/ciaoup.it\/index.php?rest_route=\/wp\/v2\/types\/post"}],"author":[{"embeddable":true,"href":"https:\/\/ciaoup.it\/index.php?rest_route=\/wp\/v2\/users\/3"}],"replies":[{"embeddable":true,"href":"https:\/\/ciaoup.it\/index.php?rest_route=%2Fwp%2Fv2%2Fcomments&post=59376"}],"version-history":[{"count":1,"href":"https:\/\/ciaoup.it\/index.php?rest_route=\/wp\/v2\/posts\/59376\/revisions"}],"predecessor-version":[{"id":59410,"href":"https:\/\/ciaoup.it\/index.php?rest_route=\/wp\/v2\/posts\/59376\/revisions\/59410"}],"wp:featuredmedia":[{"embeddable":true,"href":"https:\/\/ciaoup.it\/index.php?rest_route=\/wp\/v2\/media\/59377"}],"wp:attachment":[{"href":"https:\/\/ciaoup.it\/index.php?rest_route=%2Fwp%2Fv2%2Fmedia&parent=59376"}],"wp:term":[{"taxonomy":"category","embeddable":true,"href":"https:\/\/ciaoup.it\/index.php?rest_route=%2Fwp%2Fv2%2Fcategories&post=59376"},{"taxonomy":"post_tag","embeddable":true,"href":"https:\/\/ciaoup.it\/index.php?rest_route=%2Fwp%2Fv2%2Ftags&post=59376"}],"curies":[{"name":"wp","href":"https:\/\/api.w.org\/{rel}","templated":true}]}}