{"id":59351,"date":"2026-03-05T14:37:00","date_gmt":"2026-03-05T14:37:00","guid":{"rendered":"https:\/\/ciaoup.it\/?p=59351"},"modified":"2026-03-05T14:37:00","modified_gmt":"2026-03-05T14:37:00","slug":"iran-ciriani-meloni-pronta-a-riferire-in-parlamento-l11-marzo","status":"publish","type":"post","link":"https:\/\/ciaoup.it\/?p=59351","title":{"rendered":"Iran, Ciriani: &#8220;Meloni pronta a riferire in Parlamento l&#8217;11 marzo&#8221;"},"content":{"rendered":"<p> (Adnkronos) &#8211;<br \/>\nGiorgia Meloni riferir\u00e0 in Parlamento sulla crisi in Iran. Ad annunciarlo oggi, gioved\u00ec 5 marzo, \u00e8 stato Luca Ciriani, ministro per i Rapporti con il Parlamento: &#8221;Il presidente Meloni mi ha comunicato la sua disponibilit\u00e0 a riferire in Parlamento mercoled\u00ec 11 marzo&#8221;, ha detto in Transatlantico, &#8220;anticipando le comunicazioni del Consiglio europeo e allargandole alla crisi in Medio Oriente. Ho comunicato la notizia ai presidenti di Camera e Senato&#8221;.\u00a0<\/p>\n<p>\u00a0<\/p>\n<p>Giorgia Meloni, nelle scorse ore, aveva gi\u00e0 parlato della guerra in Iran. &#8220;Sono preoccupata da una crisi sempre pi\u00f9 evidente del diritto internazionale e degli organismi multilaterali, che sta generando un mondo sempre pi\u00f9 governato dal caos&#8221;, ha detto la premier ai microfoni di Rtl 102.5, &#8220;era purtroppo prevedibile dopo l&#8217;anomalia totale di un membro del Consiglio di Sicurezza delle Nazioni Unite che invadeva un suo vicino chiaramente pi\u00f9 debole. Come abbiamo visto, la situazione \u00e8 sempre pi\u00f9 instabile e imprevedibile&#8221;.\u00a0<\/p>\n<p>La premier ha aggiunto di essere &#8220;ovviamente preoccupata per le possibili ripercussioni sull&#8217;Italia. Ovviamente noi stiamo lavorando su tutti questi fronti: intanto siamo in continuo contatto con i principali alleati, con i leader del Medio Oriente, e poi siamo impegnati soprattutto su tre fronti. E cio\u00e8 lavorare sul piano diplomatico, anche attraverso questi contatti, per capire se ci siano i margini per una ripresa del negoziato sul nucleare iraniano. Obiettivo che per\u00f2, dal mio punto di vista, \u00e8 impossibile se l&#8217;Iran non smette di attaccare i Paesi limitrofi, i Paesi del Golfo, favorendo una de-escalation&#8221;.\u00a0<\/p>\n<p>Parlando delle ripercussioni della crisi iraniana sui costi dell&#8217;energia, Meloni ha affermato che &#8220;dobbiamo impedire che la speculazione faccia esplodere, anche ingiustamente, i prezzi dell&#8217;energia e i prezzi dei generi alimentari&#8221;. &#8220;Faremo tutto quello che possiamo per non darla vinta alla speculazione. Io sono pronta anche, se necessario, ad aumentare le tasse alle aziende che eventualmente dovessero speculare, per rimettere i proventi sul taglio delle bollette&#8221;, ha concluso la premier.\u00a0<\/p>\n<p>\u00a0<\/p>\n<p>Proprio l&#8217;intervento in radio di Meloni ha provocato una pioggia di critiche da parte delle opposizioni. Elly Schlein ha parlato di una situazione dai &#8220;risvolti imprevedibili, che rischia di allargarsi a livello globale e far tremare la fragile tregua a Gaza: Per questo oggi non basta riferire, serve una linea politica e doveva essere qui Giorgia Meloni in Parlamento a parlare al Paese che \u00e8 preoccupato. Invece abbiamo un governo che non chiarisce la posizione dell&#8217;Italia&#8221;, ha detto alla Camera la segretaria del Partito Democratico durante le dichiarazioni di voto sulle comunicazioni dei ministri Antonio Tajani e Guido Crosetto.\u00a0<\/p>\n<p> Anche il Movimento 5 stelle ha attaccato la premier: &#8220;Meloni scappa dal Parlamento e fa monologhi alla radio e su una crisi internazionale di tale portata manda i due ministri, della Difesa e degli Esteri, in Parlamento tra varie approssimazioni e ferie a Dubai&#8221;, ha dichiarato Giuseppe Conte in un punto stampa davanti Montecitorio, &#8220;la realt\u00e0 \u00e8 che non abbiamo avuto ancora nessuna parola di condanna degli attacchi armati degli Stati Uniti e di Israele, che sono in violazione del diritto internazionale. \u00a0<\/p>\n<p>Critiche sono arrivate direttamente dal Parlamento: &#8220;&#8221;Vi domandiamo, perch\u00e9 la presidente Meloni non \u00e8 in aula e continua a fuggire dal Parlamento? E&#8217; inaccettabile&#8221;, ha detto alla Camera il leader di Avs Angelo Bonelli, &#8220;Ci avete chiesto di essere responsabili, di lavorare insieme, ma unit\u00e0 su che cosa? Noi non vogliamo che l&#8217;Italia entri in guerra, voi state portando l&#8217;Italia in guerra. Noi non siamo d&#8217;accordo, no grazie&#8221;.\u00a0<\/p>\n<p>Sulla stessa linea il segretario di +Europa Riccardo Magi: &#8220;Meloni oggi manca di rispetto a quest&#8217;aula, venendo meno a un dovere politico in un momento in cui c&#8217;\u00e8 una crisi internazionale dalle conseguenze gravissime, potenzialmente dilaganti e incontrollabili&#8221;, ha detto intervenendo alla Camera, &#8220;Meloni non \u00e8 qui perch\u00e9 non saprebbe cosa dire, Meloni non \u00e8 qui perch\u00e9 questo governo non esprime un pensiero rispetto a quello che sta accadendo in questo momento: Meloni non sapeva che Trump avrebbe attaccato, come molti altri leader internazionali non lo sapevano, ma non sa neanche cosa Trump far\u00e0 domani&#8221;.\u00a0<\/p>\n<p>\u00a0<\/p>\n<p>&#8212;<\/p>\n<p>politica<\/p>\n<p>webinfo@adnkronos.com (Web Info)<\/p>\n<div style=\"display:flex; gap:10px;justify-content:center\" class=\"wps-pgfw-pdf-generate-icon__wrapper-frontend\">\n\t\t<a  href=\"https:\/\/ciaoup.it?action=genpdf&amp;id=59351\" class=\"pgfw-single-pdf-download-button\" ><img src=\"https:\/\/ciaoup.it\/wp-content\/plugins\/pdf-generator-for-wp\/admin\/src\/images\/PDF_Tray.svg\" title=\"Generate PDF\" style=\"width:auto; height:45px;\"><\/a>\n\t\t<\/div>","protected":false},"excerpt":{"rendered":"<p>(Adnkronos) &#8211; Giorgia Meloni riferir\u00e0 in Parlamento sulla crisi in Iran. Ad annunciarlo oggi, gioved\u00ec&hellip;<\/p>\n","protected":false},"author":3,"featured_media":59352,"comment_status":"open","ping_status":"closed","sticky":false,"template":"","format":"standard","meta":{"footnotes":""},"categories":[12],"tags":[3],"class_list":["post-59351","post","type-post","status-publish","format-standard","has-post-thumbnail","hentry","category-comunicati","tag-ultimora"],"_links":{"self":[{"href":"https:\/\/ciaoup.it\/index.php?rest_route=\/wp\/v2\/posts\/59351","targetHints":{"allow":["GET"]}}],"collection":[{"href":"https:\/\/ciaoup.it\/index.php?rest_route=\/wp\/v2\/posts"}],"about":[{"href":"https:\/\/ciaoup.it\/index.php?rest_route=\/wp\/v2\/types\/post"}],"author":[{"embeddable":true,"href":"https:\/\/ciaoup.it\/index.php?rest_route=\/wp\/v2\/users\/3"}],"replies":[{"embeddable":true,"href":"https:\/\/ciaoup.it\/index.php?rest_route=%2Fwp%2Fv2%2Fcomments&post=59351"}],"version-history":[{"count":1,"href":"https:\/\/ciaoup.it\/index.php?rest_route=\/wp\/v2\/posts\/59351\/revisions"}],"predecessor-version":[{"id":59379,"href":"https:\/\/ciaoup.it\/index.php?rest_route=\/wp\/v2\/posts\/59351\/revisions\/59379"}],"wp:featuredmedia":[{"embeddable":true,"href":"https:\/\/ciaoup.it\/index.php?rest_route=\/wp\/v2\/media\/59352"}],"wp:attachment":[{"href":"https:\/\/ciaoup.it\/index.php?rest_route=%2Fwp%2Fv2%2Fmedia&parent=59351"}],"wp:term":[{"taxonomy":"category","embeddable":true,"href":"https:\/\/ciaoup.it\/index.php?rest_route=%2Fwp%2Fv2%2Fcategories&post=59351"},{"taxonomy":"post_tag","embeddable":true,"href":"https:\/\/ciaoup.it\/index.php?rest_route=%2Fwp%2Fv2%2Ftags&post=59351"}],"curies":[{"name":"wp","href":"https:\/\/api.w.org\/{rel}","templated":true}]}}