{"id":59329,"date":"2026-03-05T14:12:00","date_gmt":"2026-03-05T14:12:00","guid":{"rendered":"https:\/\/ciaoup.it\/?p=59329"},"modified":"2026-03-05T14:12:00","modified_gmt":"2026-03-05T14:12:00","slug":"omicidio-patron-telepordenone-fermato-vecchio-collaboratore-dellemittente-si-cerca-in-un-canale-larma-del-delitto","status":"publish","type":"post","link":"https:\/\/ciaoup.it\/?p=59329","title":{"rendered":"Omicidio patron TelePordenone, fermato vecchio collaboratore dell&#8217;emittente. Si cerca in un canale l&#8217;arma del delitto"},"content":{"rendered":"<p> (Adnkronos) &#8211; La polizia di Pordenone sta interrogando un uomo per l\u2019omicidio di Mario Ruoso, l\u201987enne imprenditore patron di TelePordenone, trovato morto ieri pomeriggio nel suo attico di Porcia, ucciso a sprangate. Il sospettato \u00e8 un 68enne di Azzano Decimo (Pordenone), collaboratore di lungo corso della storica emittente televisiva, oggi chiusa.  \u00a0<\/p>\n<p>L\u2019uomo gi\u00e0 ieri sera \u00e8 stato prelevato dagli uomini della Squadra mobile nella sua casa, dov\u2019\u00e8 stato trovato in compagnia di un altro uomo, sul quale sono in corso degli accertamenti. La Procura di Pordenone non ha ancora formalizzato gli atti d\u2019accusa, ma trapela che il 68enne avrebbe cominciato a fare alcune ammissioni agli investigatori. Alla base dell&#8217;omicidio ci sarebbero motivazione economiche. Secondo il medico legale, l&#8217;anziano sarebbe stato ucciso nelle prime ore di ieri mattina, poco prima di uscire di casa. \u00a0<\/p>\n<p>Gli investigatori della questura di Pordenone stanno cercando in un canale l\u2019arma del delitto . La spranga metallica con cui l\u2019anziano imprenditore \u00e8 stato colpito pi\u00f9 volte alla testa non era sul luogo dell&#8217;omicidio e non \u00e8 stata trovata n\u00e9 a Tiezzo di Azzano Decimo, nella casa del 68enne fortemente sospettato di essere l\u2019autore del delitto, n\u00e9 nella sua auto sequestrata ieri sera dagli inquirenti al momento del suo fermo per essere interrogato. \u00a0<\/p>\n<p>&#8212;<\/p>\n<p>cronaca<\/p>\n<p>webinfo@adnkronos.com (Web Info)<\/p>\n<div style=\"display:flex; gap:10px;justify-content:center\" class=\"wps-pgfw-pdf-generate-icon__wrapper-frontend\">\n\t\t<a  href=\"https:\/\/ciaoup.it?action=genpdf&amp;id=59329\" class=\"pgfw-single-pdf-download-button\" ><img src=\"https:\/\/ciaoup.it\/wp-content\/plugins\/pdf-generator-for-wp\/admin\/src\/images\/PDF_Tray.svg\" title=\"Generate PDF\" style=\"width:auto; height:45px;\"><\/a>\n\t\t<\/div>","protected":false},"excerpt":{"rendered":"<p>(Adnkronos) &#8211; La polizia di Pordenone sta interrogando un uomo per l\u2019omicidio di Mario Ruoso,&hellip;<\/p>\n","protected":false},"author":3,"featured_media":59330,"comment_status":"open","ping_status":"closed","sticky":false,"template":"","format":"standard","meta":{"footnotes":""},"categories":[12],"tags":[3],"class_list":["post-59329","post","type-post","status-publish","format-standard","has-post-thumbnail","hentry","category-comunicati","tag-ultimora"],"_links":{"self":[{"href":"https:\/\/ciaoup.it\/index.php?rest_route=\/wp\/v2\/posts\/59329","targetHints":{"allow":["GET"]}}],"collection":[{"href":"https:\/\/ciaoup.it\/index.php?rest_route=\/wp\/v2\/posts"}],"about":[{"href":"https:\/\/ciaoup.it\/index.php?rest_route=\/wp\/v2\/types\/post"}],"author":[{"embeddable":true,"href":"https:\/\/ciaoup.it\/index.php?rest_route=\/wp\/v2\/users\/3"}],"replies":[{"embeddable":true,"href":"https:\/\/ciaoup.it\/index.php?rest_route=%2Fwp%2Fv2%2Fcomments&post=59329"}],"version-history":[{"count":1,"href":"https:\/\/ciaoup.it\/index.php?rest_route=\/wp\/v2\/posts\/59329\/revisions"}],"predecessor-version":[{"id":59356,"href":"https:\/\/ciaoup.it\/index.php?rest_route=\/wp\/v2\/posts\/59329\/revisions\/59356"}],"wp:featuredmedia":[{"embeddable":true,"href":"https:\/\/ciaoup.it\/index.php?rest_route=\/wp\/v2\/media\/59330"}],"wp:attachment":[{"href":"https:\/\/ciaoup.it\/index.php?rest_route=%2Fwp%2Fv2%2Fmedia&parent=59329"}],"wp:term":[{"taxonomy":"category","embeddable":true,"href":"https:\/\/ciaoup.it\/index.php?rest_route=%2Fwp%2Fv2%2Fcategories&post=59329"},{"taxonomy":"post_tag","embeddable":true,"href":"https:\/\/ciaoup.it\/index.php?rest_route=%2Fwp%2Fv2%2Ftags&post=59329"}],"curies":[{"name":"wp","href":"https:\/\/api.w.org\/{rel}","templated":true}]}}