{"id":59169,"date":"2026-03-05T07:06:21","date_gmt":"2026-03-05T07:06:21","guid":{"rendered":"https:\/\/ciaoup.it\/?p=59169"},"modified":"2026-03-05T07:06:21","modified_gmt":"2026-03-05T07:06:21","slug":"iran-oggi-tajani-e-crosetto-in-parlamento-opposizioni-in-pressing-in-aula-venga-meloni","status":"publish","type":"post","link":"https:\/\/ciaoup.it\/?p=59169","title":{"rendered":"Iran, oggi Tajani e Crosetto in Parlamento. Opposizioni in pressing: &#8220;In Aula venga Meloni&#8221;"},"content":{"rendered":"<p> (Adnkronos) &#8211; L&#8217;Iran e l&#8217;evoluzione del quadro internazionale al centro delle comunicazioni che il ministro degli Esteri, Antonio Tajani, e il ministro della Difesa, Guido Crosetto, terranno oggi gioved\u00ec 5 marzo in Parlamento. L&#8217;appuntamento in Aula alla Camera \u00e8 alle 10. I due ministri interverranno anche al Senato. Ieri intanto a Palazzo Chigi si \u00e8 svolto un nuovo vertice dedicato all&#8217;analisi degli sviluppi della crisi in Medio Oriente e alle relative implicazioni economiche, presieduto dalla presidente del Consiglio, Giorgia Meloni.\u00a0<\/p>\n<p>\u00a0<\/p>\n<p>\u00a0<\/p>\n<p>Le opposizioni in pressing chiedono un&#8217;informativa della premier. &#8220;In questo momento bisogna parlarsi pur partendo da posizioni non coincidenti. Ho sentito sabato Tajani, sono venuti in commissioni Esteri Tajani e Crosetto ma \u00e8 chiaro che questo non \u00e8 sufficiente. Chiediamo alla Meloni di venire a dare una valutazione politica in Parlamento&#8221;, dichiara la leader dem Elly Schlein ad Agor\u00e0, su Raitre. \u00a0<\/p>\n<p>&#8220;Su ogni cosa&#8221; le opposizioni &#8220;chiedono che Meloni venga in aula. La presidente del Consiglio viene tutte le volte che pu\u00f2, nel frattempo vengono ministri importanti a parlare in Parlamento, sono gi\u00e0 venuti Crosetto e Tajani, quindi il governo non si \u00e8 tirato indietro, anzi si confronta continuamente con il Parlamento &#8211; risponde Giovanni Donzelli ai giornalisti &#8211; \u00c8 un momento molto delicato, credo che quello che \u00e8 importante \u00e8 che Giorgia Meloni continui a far tenere all&#8217;Italia una posizione di cui essere orgogliosi, molto serena, molto determinata, utile&#8221;. &#8220;Le opposizioni chiedono una linea chiara della premier? Legittimo che le opposizioni facciano le opposizioni, noi in questo momento stiamo pensando all&#8217;Italia, credo che con la delicatezza della situazione internazionale in questo momento \u00e8 importante avere una postura in cui ci si preoccupa del bene della nazione, e non solo della nazione, e meno degli interessi di parte&#8221;, dice Donzelli.\u00a0<\/p>\n<p>Ma le opposizioni incalzano. &#8220;Meloni fugge dal Parlamento e non ci mette la faccia di fronte alla guerra scatenata dal suo amico Trump e dal criminale di guerra Netanyahu &#8211; afferma Angelo Bonelli, deputato di Alleanza Verdi e Sinistra e co-portavoce di Europa Verde &#8211; Avevamo chiesto, come opposizioni, la comunicazione della presidente Meloni sulla guerra in Iran e Libano, ma ancora una volta ha deciso di non venire a riferire in Parlamento, mandando Crosetto e Tajani che hanno dimostrato la loro imbarazzante inadeguatezza. Meloni non ha il coraggio di fare quello che ha fatto il primo ministro spagnolo Pedro S\u00e1nchez, che ha detto no a Trump e ha difeso la dignit\u00e0 e la sovranit\u00e0 della Spagna dalla logica folle della guerra. Perch\u00e9 Meloni teme di venire in Parlamento? Perch\u00e9 fugge?&#8221;, chiede Bonelli. \u00a0<\/p>\n<p>\u00a0<\/p>\n<p>\u00a0<\/p>\n<p>Tutti precettati in Aula per le comunicazioni di Tajani e Crosetto. \u00c8 questa, a quanto si apprende, la direttiva partita dai vertici di FdI e indirizzata a tutti i parlamentari alla vigilia delle comunicazioni in Parlamento dei ministri degli Esteri e della Difesa. L&#8217;indicazione \u00e8 chiara: garantire la massima presenza e la puntualit\u00e0 in Aula. Per oggi \u00e8 inoltre prevista la presentazione di una risoluzione, che sar\u00e0 sottoposta al voto.\u00a0<\/p>\n<p>&#8212;<\/p>\n<p>politica<\/p>\n<p>webinfo@adnkronos.com (Web Info)<\/p>\n<div style=\"display:flex; gap:10px;justify-content:center\" class=\"wps-pgfw-pdf-generate-icon__wrapper-frontend\">\n\t\t<a  href=\"https:\/\/ciaoup.it?action=genpdf&amp;id=59169\" class=\"pgfw-single-pdf-download-button\" ><img src=\"https:\/\/ciaoup.it\/wp-content\/plugins\/pdf-generator-for-wp\/admin\/src\/images\/PDF_Tray.svg\" title=\"Generate PDF\" style=\"width:auto; height:45px;\"><\/a>\n\t\t<\/div>","protected":false},"excerpt":{"rendered":"<p>(Adnkronos) &#8211; L&#8217;Iran e l&#8217;evoluzione del quadro internazionale al centro delle comunicazioni che il ministro&hellip;<\/p>\n","protected":false},"author":3,"featured_media":59170,"comment_status":"open","ping_status":"closed","sticky":false,"template":"","format":"standard","meta":{"footnotes":""},"categories":[12],"tags":[3],"class_list":["post-59169","post","type-post","status-publish","format-standard","has-post-thumbnail","hentry","category-comunicati","tag-ultimora"],"_links":{"self":[{"href":"https:\/\/ciaoup.it\/index.php?rest_route=\/wp\/v2\/posts\/59169","targetHints":{"allow":["GET"]}}],"collection":[{"href":"https:\/\/ciaoup.it\/index.php?rest_route=\/wp\/v2\/posts"}],"about":[{"href":"https:\/\/ciaoup.it\/index.php?rest_route=\/wp\/v2\/types\/post"}],"author":[{"embeddable":true,"href":"https:\/\/ciaoup.it\/index.php?rest_route=\/wp\/v2\/users\/3"}],"replies":[{"embeddable":true,"href":"https:\/\/ciaoup.it\/index.php?rest_route=%2Fwp%2Fv2%2Fcomments&post=59169"}],"version-history":[{"count":1,"href":"https:\/\/ciaoup.it\/index.php?rest_route=\/wp\/v2\/posts\/59169\/revisions"}],"predecessor-version":[{"id":59173,"href":"https:\/\/ciaoup.it\/index.php?rest_route=\/wp\/v2\/posts\/59169\/revisions\/59173"}],"wp:featuredmedia":[{"embeddable":true,"href":"https:\/\/ciaoup.it\/index.php?rest_route=\/wp\/v2\/media\/59170"}],"wp:attachment":[{"href":"https:\/\/ciaoup.it\/index.php?rest_route=%2Fwp%2Fv2%2Fmedia&parent=59169"}],"wp:term":[{"taxonomy":"category","embeddable":true,"href":"https:\/\/ciaoup.it\/index.php?rest_route=%2Fwp%2Fv2%2Fcategories&post=59169"},{"taxonomy":"post_tag","embeddable":true,"href":"https:\/\/ciaoup.it\/index.php?rest_route=%2Fwp%2Fv2%2Ftags&post=59169"}],"curies":[{"name":"wp","href":"https:\/\/api.w.org\/{rel}","templated":true}]}}