{"id":59077,"date":"2026-03-04T18:12:24","date_gmt":"2026-03-04T18:12:24","guid":{"rendered":"https:\/\/ciaoup.it\/?p=59077"},"modified":"2026-03-04T18:12:24","modified_gmt":"2026-03-04T18:12:24","slug":"antisemitismo-via-libera-del-senato-al-ddl-pd-si-divide","status":"publish","type":"post","link":"https:\/\/ciaoup.it\/?p=59077","title":{"rendered":"Antisemitismo, via libera del Senato al ddl: Pd si divide"},"content":{"rendered":"<p> (Adnkronos) &#8211; Primo via libera dell&#8217;aula del Senato al disegno di legge per il contrasto dell&#8217;antisemitismo:  105 i s\u00ec, 24 i  no e 21 le astensioni. I senatori del Pd si sono divisi. A favore del Ddl hanno votato in 6: Graziano Delrio, Filippo Sensi, Walter Verini, Alfredo Bazoli, Pier Ferdinando Casini, Sandra Zampa. A questi, virtualmente, bisogna aggiungere Simona Malpezzi, all&#8217;estero ma dichiaratamente a favore del s\u00ec. La senatrice dem Tatiana Rojc, invece, non ha partecipato al voto pur risultando presente ai lavori dell&#8217;esame del provvedimento. \u00a0<\/p>\n<p>Altri esponenti del Partito democratico risultano poi assenti ma &#8216;giustificati&#8217;, non hanno partecipato per tutto il giorno ai lavori dell&#8217;aula n\u00e9, di conseguenza, al voto. Per il resto, gli altri senatori dem presenti (21) si sono astenuti secondo le indicazioni del Gruppo. I no al Ddl, invece, sono arrivati dal M5s e da Avs.\u00a0<\/p>\n<p>&#8220;Trovo assurdo e ingiusto il mancato voto della sinistra a favore del Ddl antisemitismo che peraltro \u00e8 identico a quello presentato dal senatore Delrio. La deriva che questa sinistra oramai guidata dai 5S sta prendendo anche su un tema cos\u00ec delicato e importante \u00e8 oggettivamente preoccupante. Serve costruire una vera alternativa liberal-democratica e popolare a questo bipopulismo&#8221;. Cos\u00ec il leader di Azione, Carlo Calenda.\u00a0<\/p>\n<p>\u201cIl Senato ha approvato la legge contro l\u2019antisemitismo, un segnale importante che il Parlamento d\u00e0 al paese a fronte di un fenomeno che sta dilagando anche in Italia, ed \u00e8 una vera e propria emergenza, come ha autorevolmente denunciato la senatrice Liliana Segre. Italia Viva ha contribuito attivamente, presentando un proprio disegno di legge a prima firma Scalfarotto, che \u00e8 poi quello che \u00e8 stato adottato dall\u2019Aula, e esprimendo convintamente il proprio voto favorevole\u201d. Lo dice la senatrice Raffaella Paita, capogruppo al Senato di Italia Viva.\u00a0<\/p>\n<p>\u201cSiamo soddisfatti per l\u2019approvazione di un provvedimento, fortemente voluto anche dalla Lega, per il contrasto all\u2019antisemitismo nel nostro Paese. Dall\u2019inizio, abbiamo fatto tutto il possibile per venire incontro alle richieste di tutte le forze politiche, mettendo a disposizione il nostro testo base, a prima firma Romeo, e arrivare alla massima condivisione, vista l\u2019importanza del tema. La battaglia contro l\u2019antisemitismo, infatti, richiede l\u2019impegno di tutti, soprattutto in un periodo storico in cui le manifestazioni d\u2019odio nei confronti degli ebrei sono in grave aumento. Con l\u2019adozione della definizione operativa dell\u2019 IHRA- l\u2019Alleanza Internazionale per la Memoria dell\u2019Olocausto, mettiamo nero su bianco cosa significa \u201cantisemitismo\u201d, e abbiamo proposto un ventaglio di misure necessarie per contrastarlo, garantendo, al contempo, la fondamentale libert\u00e0 di critica politica e di manifestazione. Un atto doveroso e un tassello importante, affinch\u00e9 nel nostro Paese non ci sia pi\u00f9 spazio per l\u2019odio che ha caratterizzato le pagine pi\u00f9 buie della storia contemporanea. Chi, fra i banchi dell\u2019opposizione, oggi ha votato contro o si \u00e8 astenuto, ha perso un\u2019occasione unica per dimostrare alla societ\u00e0 civile che il Parlamento \u00e8 unito nella tutela degli ebrei che vivono nel nostro Paese\u201d. Cos\u00ec i senatori in commissione Affari costituzionali Daisy Pirovano, capogruppo e relatrice del provvedimento, Stefania Pucciarelli e Paolo Tosato della Lega.\u00a0<\/p>\n<p>&#8212;<\/p>\n<p>politica<\/p>\n<p>webinfo@adnkronos.com (Web Info)<\/p>\n<div style=\"display:flex; gap:10px;justify-content:center\" class=\"wps-pgfw-pdf-generate-icon__wrapper-frontend\">\n\t\t<a  href=\"https:\/\/ciaoup.it?action=genpdf&amp;id=59077\" class=\"pgfw-single-pdf-download-button\" ><img src=\"https:\/\/ciaoup.it\/wp-content\/plugins\/pdf-generator-for-wp\/admin\/src\/images\/PDF_Tray.svg\" title=\"Generate PDF\" style=\"width:auto; height:45px;\"><\/a>\n\t\t<\/div>","protected":false},"excerpt":{"rendered":"<p>(Adnkronos) &#8211; Primo via libera dell&#8217;aula del Senato al disegno di legge per il contrasto&hellip;<\/p>\n","protected":false},"author":3,"featured_media":59078,"comment_status":"open","ping_status":"closed","sticky":false,"template":"","format":"standard","meta":{"footnotes":""},"categories":[12],"tags":[3],"class_list":["post-59077","post","type-post","status-publish","format-standard","has-post-thumbnail","hentry","category-comunicati","tag-ultimora"],"_links":{"self":[{"href":"https:\/\/ciaoup.it\/index.php?rest_route=\/wp\/v2\/posts\/59077","targetHints":{"allow":["GET"]}}],"collection":[{"href":"https:\/\/ciaoup.it\/index.php?rest_route=\/wp\/v2\/posts"}],"about":[{"href":"https:\/\/ciaoup.it\/index.php?rest_route=\/wp\/v2\/types\/post"}],"author":[{"embeddable":true,"href":"https:\/\/ciaoup.it\/index.php?rest_route=\/wp\/v2\/users\/3"}],"replies":[{"embeddable":true,"href":"https:\/\/ciaoup.it\/index.php?rest_route=%2Fwp%2Fv2%2Fcomments&post=59077"}],"version-history":[{"count":1,"href":"https:\/\/ciaoup.it\/index.php?rest_route=\/wp\/v2\/posts\/59077\/revisions"}],"predecessor-version":[{"id":59094,"href":"https:\/\/ciaoup.it\/index.php?rest_route=\/wp\/v2\/posts\/59077\/revisions\/59094"}],"wp:featuredmedia":[{"embeddable":true,"href":"https:\/\/ciaoup.it\/index.php?rest_route=\/wp\/v2\/media\/59078"}],"wp:attachment":[{"href":"https:\/\/ciaoup.it\/index.php?rest_route=%2Fwp%2Fv2%2Fmedia&parent=59077"}],"wp:term":[{"taxonomy":"category","embeddable":true,"href":"https:\/\/ciaoup.it\/index.php?rest_route=%2Fwp%2Fv2%2Fcategories&post=59077"},{"taxonomy":"post_tag","embeddable":true,"href":"https:\/\/ciaoup.it\/index.php?rest_route=%2Fwp%2Fv2%2Ftags&post=59077"}],"curies":[{"name":"wp","href":"https:\/\/api.w.org\/{rel}","templated":true}]}}