{"id":59040,"date":"2026-03-04T17:07:36","date_gmt":"2026-03-04T17:07:36","guid":{"rendered":"https:\/\/ciaoup.it\/?p=59040"},"modified":"2026-03-04T17:07:36","modified_gmt":"2026-03-04T17:07:36","slug":"paralimpiadi-milano-cortina-cerimonia-di-apertura-senza-portabandiera-cosa-sta-succedendo","status":"publish","type":"post","link":"https:\/\/ciaoup.it\/?p=59040","title":{"rendered":"Paralimpiadi Milano Cortina, cerimonia di apertura senza portabandiera: cosa sta succedendo"},"content":{"rendered":"<p> (Adnkronos) &#8211; La cerimonia di apertura delle Paralimpiadi invernali di Milano e Cortina si terr\u00e0 venerd\u00ec 6 marzo, con una novit\u00e0 che sta facendo rumore in queste ore: le bandiere delle nazioni partecipanti non saranno portate da atleti ma da volontari. Questa decisione \u00e8 stata presa dal Comitato Paralimpico Internazionale (IPC) per garantire l&#8217;unit\u00e0 tra le delegazioni durante la cerimonia a Verona. Ma qual \u00e8 il motivo alla base di questa decisione?<br \/>\n\u00a0<\/p>\n<p>\u00a0<\/p>\n<p>La scelta \u00e8 stata motivata ufficialmente con ragioni logistiche legate alle lunghe distanze tra i luoghi delle competizioni e Verona, e dall&#8217;inizio delle gare previsto per sabato mattina. Per l&#8217;Italia, i portabandiera inizialmente previsti erano Ren\u00e9 de Silvestro, campione paralimpico di monosci, e Chiara Mazzel, sciatrice alpina ipovedente.<br \/>\n\u00a0<\/p>\n<p>\nTuttavia, questa decisione ha scatenato polemiche dopo che diversi Paesi avevano annunciato il boicottaggio della cerimonia di apertura, in seguito alla decisione di ammettere atleti russi con inno e bandiera. Tra questi ci sono Ucraina, Finlandia, Polonia, Repubblica Ceca, Paesi Bassi, Estonia, Lettonia e Lituania. La Germania aveva  inizialmente deciso di partecipare alla cerimonia per poi cambiare idea: il Comitato Paralimpico tedesco (Dbs) ha spiegato che questa decisione serve a focalizzarsi sulle prossime competizioni e a esprimere solidariet\u00e0 con la delegazione ucraina. Le Paralimpiadi invernali si concluderanno il 15 marzo.\u00a0<\/p>\n<p>&#8212;<\/p>\n<p>milano-cortina-2026\/eventi<\/p>\n<p>webinfo@adnkronos.com (Web Info)<\/p>\n<div style=\"display:flex; gap:10px;justify-content:center\" class=\"wps-pgfw-pdf-generate-icon__wrapper-frontend\">\n\t\t<a  href=\"https:\/\/ciaoup.it?action=genpdf&amp;id=59040\" class=\"pgfw-single-pdf-download-button\" ><img src=\"https:\/\/ciaoup.it\/wp-content\/plugins\/pdf-generator-for-wp\/admin\/src\/images\/PDF_Tray.svg\" title=\"Generate PDF\" style=\"width:auto; height:45px;\"><\/a>\n\t\t<\/div>","protected":false},"excerpt":{"rendered":"<p>(Adnkronos) &#8211; La cerimonia di apertura delle Paralimpiadi invernali di Milano e Cortina si terr\u00e0&hellip;<\/p>\n","protected":false},"author":3,"featured_media":59041,"comment_status":"open","ping_status":"closed","sticky":false,"template":"","format":"standard","meta":{"footnotes":""},"categories":[12],"tags":[3],"class_list":["post-59040","post","type-post","status-publish","format-standard","has-post-thumbnail","hentry","category-comunicati","tag-ultimora"],"_links":{"self":[{"href":"https:\/\/ciaoup.it\/index.php?rest_route=\/wp\/v2\/posts\/59040","targetHints":{"allow":["GET"]}}],"collection":[{"href":"https:\/\/ciaoup.it\/index.php?rest_route=\/wp\/v2\/posts"}],"about":[{"href":"https:\/\/ciaoup.it\/index.php?rest_route=\/wp\/v2\/types\/post"}],"author":[{"embeddable":true,"href":"https:\/\/ciaoup.it\/index.php?rest_route=\/wp\/v2\/users\/3"}],"replies":[{"embeddable":true,"href":"https:\/\/ciaoup.it\/index.php?rest_route=%2Fwp%2Fv2%2Fcomments&post=59040"}],"version-history":[{"count":1,"href":"https:\/\/ciaoup.it\/index.php?rest_route=\/wp\/v2\/posts\/59040\/revisions"}],"predecessor-version":[{"id":59066,"href":"https:\/\/ciaoup.it\/index.php?rest_route=\/wp\/v2\/posts\/59040\/revisions\/59066"}],"wp:featuredmedia":[{"embeddable":true,"href":"https:\/\/ciaoup.it\/index.php?rest_route=\/wp\/v2\/media\/59041"}],"wp:attachment":[{"href":"https:\/\/ciaoup.it\/index.php?rest_route=%2Fwp%2Fv2%2Fmedia&parent=59040"}],"wp:term":[{"taxonomy":"category","embeddable":true,"href":"https:\/\/ciaoup.it\/index.php?rest_route=%2Fwp%2Fv2%2Fcategories&post=59040"},{"taxonomy":"post_tag","embeddable":true,"href":"https:\/\/ciaoup.it\/index.php?rest_route=%2Fwp%2Fv2%2Ftags&post=59040"}],"curies":[{"name":"wp","href":"https:\/\/api.w.org\/{rel}","templated":true}]}}