{"id":59029,"date":"2026-03-04T16:35:00","date_gmt":"2026-03-04T16:35:00","guid":{"rendered":"https:\/\/ciaoup.it\/?p=59029"},"modified":"2026-03-04T16:35:00","modified_gmt":"2026-03-04T16:35:00","slug":"forte-ice-energia-ambito-strategico-per-sicurezza-competitivita-e-indipendenza","status":"publish","type":"post","link":"https:\/\/ciaoup.it\/?p=59029","title":{"rendered":"Forte (Ice): &#8220;Energia ambito strategico per sicurezza, competitivit\u00e0 e indipendenza&#8221;"},"content":{"rendered":"<p> (Adnkronos) &#8211; \u201cIn un momento di contingenza internazionale critica come questo, l&#8217;energia si conferma essere un ambito strategico di intervento per l&#8217;Europa per garantire sicurezza, competitivit\u00e0 e indipendenza. Investire nella transizione energetica oggi, con lo scopo naturale di controllare il valore del prezzo dell&#8217;energia, \u00e8 ormai diventata una priorit\u00e0 assoluta. Per questa ragione la piattaforma di Rimini nel 2026 si attesta come un punto di riferimento internazionale nel settore, con i suoi 125mila metri quadrati di esposizione\u201d. Lo ha detto il direttore centrale per i Settori dell\u2019Export dell\u2019Agenzia Ice (Agenzia per la promozione all&#8217;estero e l&#8217;internazionalizzazione delle imprese italiane), Maurizio Forte, intervenendo alla prima giornata di \u2018Key &#8211; The energy transition expo\u2019, la manifestazione organizzata da Italian Exhibition Group (Ieg), fino al 6 marzo alla Fiera di Rimini. \u00a0<\/p>\n<p>Un evento che Forte definisce \u201cfondamentale\u201d perch\u00e9 \u201cvede la partecipazione dei massimi esponenti del governo, come il ministro Pichetto Fratin, insieme alle imprese espositrici e alle autorit\u00e0 locali. Fondamentale \u00e8 anche il lavoro dell&#8217;Agenzia Ice, che ha portato 670 delegati da 67 Paesi per accrescere le opportunit\u00e0 di business. Poich\u00e9 l&#8217;energia \u00e8 un mondo molto complicato, \u00e8 necessario muoversi come sistema Paese, agendo come una squadra e come una filiera unita\u201d. \u00a0<\/p>\n<p>Un\u2019edizione caratterizzata da numeri che \u201csegnano un record importante, con 24 padiglioni occupati, ben quattro in pi\u00f9 rispetto all&#8217;anno scorso in un solo anno. Gli espositori sono 1065 e il 30% di questi arriva da 30 diversi Paesi, mentre i buyer sono 500 in rappresentanza di 50 nazioni del mondo\u201d, illustra.\u00a0<\/p>\n<p>\u201cL&#8217;elemento interessante di questa manifestazione, fin dalla sua origine &#8211; approfondisce &#8211; \u00e8 il fatto di non essere specializzata in un solo settore ma di offrire un panorama generale su tutti i comparti energetici e le relative tecnologie. In particolare, nell&#8217;ultimo anno \u00e8 stata notata una forte crescita della domanda nel solare, nell&#8217;eolico e nello storage, ovvero nei sistemi di accumulo\u201d. \u00a0<\/p>\n<p>Il percorso di Key \u201cdimostra un grandissimo interesse a livello nazionale &#8211; fa sapere Forte &#8211; se si pensa che solo quattro anni fa era una piccola costola della fiera Ecomondo, il grande sviluppo raggiunto in cos\u00ec poco tempo conferma quanto il settore meriti tutta l&#8217;attenzione che gli viene riservata. Le fiere hanno infatti un&#8217;importanza fondamentale nell&#8217;internazionalizzazione del comparto dell&#8217;energia e delle soluzioni per questo settore strategico della nostra vita\u201d.\u00a0<\/p>\n<p>&#8212;<\/p>\n<p>sostenibilita<\/p>\n<p>webinfo@adnkronos.com (Web Info)<\/p>\n<div style=\"display:flex; gap:10px;justify-content:center\" class=\"wps-pgfw-pdf-generate-icon__wrapper-frontend\">\n\t\t<a  href=\"https:\/\/ciaoup.it?action=genpdf&amp;id=59029\" class=\"pgfw-single-pdf-download-button\" ><img src=\"https:\/\/ciaoup.it\/wp-content\/plugins\/pdf-generator-for-wp\/admin\/src\/images\/PDF_Tray.svg\" title=\"Generate PDF\" style=\"width:auto; height:45px;\"><\/a>\n\t\t<\/div>","protected":false},"excerpt":{"rendered":"<p>(Adnkronos) &#8211; \u201cIn un momento di contingenza internazionale critica come questo, l&#8217;energia si conferma essere&hellip;<\/p>\n","protected":false},"author":3,"featured_media":59030,"comment_status":"open","ping_status":"closed","sticky":false,"template":"","format":"standard","meta":{"footnotes":""},"categories":[12],"tags":[3],"class_list":["post-59029","post","type-post","status-publish","format-standard","has-post-thumbnail","hentry","category-comunicati","tag-ultimora"],"_links":{"self":[{"href":"https:\/\/ciaoup.it\/index.php?rest_route=\/wp\/v2\/posts\/59029","targetHints":{"allow":["GET"]}}],"collection":[{"href":"https:\/\/ciaoup.it\/index.php?rest_route=\/wp\/v2\/posts"}],"about":[{"href":"https:\/\/ciaoup.it\/index.php?rest_route=\/wp\/v2\/types\/post"}],"author":[{"embeddable":true,"href":"https:\/\/ciaoup.it\/index.php?rest_route=\/wp\/v2\/users\/3"}],"replies":[{"embeddable":true,"href":"https:\/\/ciaoup.it\/index.php?rest_route=%2Fwp%2Fv2%2Fcomments&post=59029"}],"version-history":[{"count":1,"href":"https:\/\/ciaoup.it\/index.php?rest_route=\/wp\/v2\/posts\/59029\/revisions"}],"predecessor-version":[{"id":59053,"href":"https:\/\/ciaoup.it\/index.php?rest_route=\/wp\/v2\/posts\/59029\/revisions\/59053"}],"wp:featuredmedia":[{"embeddable":true,"href":"https:\/\/ciaoup.it\/index.php?rest_route=\/wp\/v2\/media\/59030"}],"wp:attachment":[{"href":"https:\/\/ciaoup.it\/index.php?rest_route=%2Fwp%2Fv2%2Fmedia&parent=59029"}],"wp:term":[{"taxonomy":"category","embeddable":true,"href":"https:\/\/ciaoup.it\/index.php?rest_route=%2Fwp%2Fv2%2Fcategories&post=59029"},{"taxonomy":"post_tag","embeddable":true,"href":"https:\/\/ciaoup.it\/index.php?rest_route=%2Fwp%2Fv2%2Ftags&post=59029"}],"curies":[{"name":"wp","href":"https:\/\/api.w.org\/{rel}","templated":true}]}}