{"id":59027,"date":"2026-03-04T16:37:00","date_gmt":"2026-03-04T16:37:00","guid":{"rendered":"https:\/\/ciaoup.it\/?p=59027"},"modified":"2026-03-04T16:37:00","modified_gmt":"2026-03-04T16:37:00","slug":"peraboni-ieg-spazio-alla-tecnologia-dellauto-elettrica","status":"publish","type":"post","link":"https:\/\/ciaoup.it\/?p=59027","title":{"rendered":"Peraboni (Ieg): &#8220;Spazio alla tecnologia dell&#8217;auto elettrica&#8221;"},"content":{"rendered":"<p> (Adnkronos) &#8211;  \u201cQuesta manifestazione cerca costantemente ogni anno di rappresentare quello che si verifica nel paese l&#8217;anno prima. Il tema dell&#8217;auto elettrica sta acquisendo uno spazio con un approccio meno dogmatico ed ideologico e pi\u00f9 pratico. Abbiamo voluto dare spazio a questa tecnologia e a tutta la tecnologia che vi gira intorno\u201d. Lo afferma Corrado Peraboni, amministratore delegato di Ieg &#8211; Italian Exhibition Group, presente a \u2018Key &#8211; The energy transition expo\u2019,  manifestazione alla Fiera di Rimini fino al 6 marzo. \u00a0<\/p>\n<p>Quanto al nuovo piano industriale dice: \u201cFaremo leva su quello che sappiamo fare meglio, cio\u00e8 fare fiere, ed in particolare lanciare fiere nuove. Abbiamo gi\u00e0 detto che succeder\u00e0 almeno una volta all&#8217;anno solo in Italia, a cui andranno ad aggiungersi quelle che stiamo acquisendo all&#8217;estero. Il prossimo settembre, a Rimini, ci sar\u00e0 la prima manifestazione sulla Space Economy in Italia, mentre tra pochi giorni annunceremo anche la fiera del 2027, sempre nella nostra penisola. In pi\u00f9 la nuova acquisizione sul mercato estero. In pratica nel primo quarto di quest&#8217;anno saremo in grado di aggiungere tre fiere nuove al nostro portafoglio\u201d.\u00a0<\/p>\n<p> Poi conclude: \u201cLa diversificazione che seguiamo sui mercati internazionali serve anche ad essere pi\u00f9 resilienti quando un&#8217;area geografica entra in crisi. Ad oggi, noi non stiamo avendo particolari ripercussioni, siamo presenti sul mercato del middle-east a Dubai con tre manifestazioni fieristiche, tra ottobre e novembre, ora speriamo che la situazione si stabilizzi prima di allora\u201d.\u00a0<\/p>\n<p>&#8212;<\/p>\n<p>sostenibilita<\/p>\n<p>webinfo@adnkronos.com (Web Info)<\/p>\n<div style=\"display:flex; gap:10px;justify-content:center\" class=\"wps-pgfw-pdf-generate-icon__wrapper-frontend\">\n\t\t<a  href=\"https:\/\/ciaoup.it?action=genpdf&amp;id=59027\" class=\"pgfw-single-pdf-download-button\" ><img src=\"https:\/\/ciaoup.it\/wp-content\/plugins\/pdf-generator-for-wp\/admin\/src\/images\/PDF_Tray.svg\" title=\"Generate PDF\" style=\"width:auto; height:45px;\"><\/a>\n\t\t<\/div>","protected":false},"excerpt":{"rendered":"<p>(Adnkronos) &#8211; \u201cQuesta manifestazione cerca costantemente ogni anno di rappresentare quello che si verifica nel&hellip;<\/p>\n","protected":false},"author":3,"featured_media":59028,"comment_status":"open","ping_status":"closed","sticky":false,"template":"","format":"standard","meta":{"footnotes":""},"categories":[12],"tags":[3],"class_list":["post-59027","post","type-post","status-publish","format-standard","has-post-thumbnail","hentry","category-comunicati","tag-ultimora"],"_links":{"self":[{"href":"https:\/\/ciaoup.it\/index.php?rest_route=\/wp\/v2\/posts\/59027","targetHints":{"allow":["GET"]}}],"collection":[{"href":"https:\/\/ciaoup.it\/index.php?rest_route=\/wp\/v2\/posts"}],"about":[{"href":"https:\/\/ciaoup.it\/index.php?rest_route=\/wp\/v2\/types\/post"}],"author":[{"embeddable":true,"href":"https:\/\/ciaoup.it\/index.php?rest_route=\/wp\/v2\/users\/3"}],"replies":[{"embeddable":true,"href":"https:\/\/ciaoup.it\/index.php?rest_route=%2Fwp%2Fv2%2Fcomments&post=59027"}],"version-history":[{"count":1,"href":"https:\/\/ciaoup.it\/index.php?rest_route=\/wp\/v2\/posts\/59027\/revisions"}],"predecessor-version":[{"id":59054,"href":"https:\/\/ciaoup.it\/index.php?rest_route=\/wp\/v2\/posts\/59027\/revisions\/59054"}],"wp:featuredmedia":[{"embeddable":true,"href":"https:\/\/ciaoup.it\/index.php?rest_route=\/wp\/v2\/media\/59028"}],"wp:attachment":[{"href":"https:\/\/ciaoup.it\/index.php?rest_route=%2Fwp%2Fv2%2Fmedia&parent=59027"}],"wp:term":[{"taxonomy":"category","embeddable":true,"href":"https:\/\/ciaoup.it\/index.php?rest_route=%2Fwp%2Fv2%2Fcategories&post=59027"},{"taxonomy":"post_tag","embeddable":true,"href":"https:\/\/ciaoup.it\/index.php?rest_route=%2Fwp%2Fv2%2Ftags&post=59027"}],"curies":[{"name":"wp","href":"https:\/\/api.w.org\/{rel}","templated":true}]}}