{"id":59025,"date":"2026-03-04T16:37:42","date_gmt":"2026-03-04T16:37:42","guid":{"rendered":"https:\/\/ciaoup.it\/?p=59025"},"modified":"2026-03-04T16:37:42","modified_gmt":"2026-03-04T16:37:42","slug":"calcio-addio-al-leggendario-portiere-di-vincenzo-gioco-con-inter-lazio-genoa-e-samp","status":"publish","type":"post","link":"https:\/\/ciaoup.it\/?p=59025","title":{"rendered":"Calcio, addio al leggendario portiere Di Vincenzo: gioc\u00f2 con Inter, Lazio, Genoa e Samp"},"content":{"rendered":"<p> (Adnkronos) &#8211; \u00c8 morto oggi, mercoled\u00ec 4 marzo, all&#8217;et\u00e0 di 84 anni Rosario &#8216;Sar\u00ecn&#8217; Di Vincenzo, ex portiere di Genoa, Sampdoria, Inter, e Lazio. Lo ricorda la vicepresidente e assessore allo Sport di Regione Liguria Simona Ferro: \u201cAddio a Rosario &#8216;Sar\u00ecn&#8217; Di Vincenzo, storico portiere genovese che in Liguria ha indossato le maglie di Genoa, Sampdoria, Entella e Imperia. In Serie A ha conquistato una Coppa dei Campioni e due scudetti con l\u2019Inter, scrivendo pagine importanti della sua carriera ai massimi livelli del calcio italiano. Dopo il ritiro ha continuato a dedicarsi con passione alla crescita sportiva delle nuove generazioni, trasmettendo i valori autentici dello sport e allenando per anni sia a livello professionistico che nelle formazioni giovanili del territorio. Alla sua famiglia e ai suoi amici vanno le pi\u00f9 sentite condoglianze da parte della Giunta regionale&#8221;.\u00a0<\/p>\n<p> Lo ricorda anche la Sampdoria, che in una nota scrive: &#8220;Si \u00e8 spento a Genova all\u2019et\u00e0 di 84 anni Rosario Di Vincenzo, ex portiere, 15 presenze (tra Serie A e Coppa Italia) con la maglia della Sampdoria. Nato a Genova il 16 giugno 1941, dopo trascorsi tra le altre con Inter e Lazio nell\u2019estate del 1975 fu acquistato dal Doria, dove ricopr\u00ec prevalentemente il ruolo di dodicesimo, alle spalle di Massimo Cacciatori. Sarin, come era soprannominato, a fine carriera torn\u00f2 in blucerchiato con il ruolo di preparatore dei portieri nel settore giovanile. Alla famiglia le pi\u00f9 sentite condoglianze da parte della societ\u00e0&#8221;.\u00a0<\/p>\n<p>&#8212;<\/p>\n<p>sport<\/p>\n<p>webinfo@adnkronos.com (Web Info)<\/p>\n<div style=\"display:flex; gap:10px;justify-content:center\" class=\"wps-pgfw-pdf-generate-icon__wrapper-frontend\">\n\t\t<a  href=\"https:\/\/ciaoup.it?action=genpdf&amp;id=59025\" class=\"pgfw-single-pdf-download-button\" ><img src=\"https:\/\/ciaoup.it\/wp-content\/plugins\/pdf-generator-for-wp\/admin\/src\/images\/PDF_Tray.svg\" title=\"Generate PDF\" style=\"width:auto; height:45px;\"><\/a>\n\t\t<\/div>","protected":false},"excerpt":{"rendered":"<p>(Adnkronos) &#8211; \u00c8 morto oggi, mercoled\u00ec 4 marzo, all&#8217;et\u00e0 di 84 anni Rosario &#8216;Sar\u00ecn&#8217; Di&hellip;<\/p>\n","protected":false},"author":3,"featured_media":59026,"comment_status":"open","ping_status":"closed","sticky":false,"template":"","format":"standard","meta":{"footnotes":""},"categories":[12],"tags":[3],"class_list":["post-59025","post","type-post","status-publish","format-standard","has-post-thumbnail","hentry","category-comunicati","tag-ultimora"],"_links":{"self":[{"href":"https:\/\/ciaoup.it\/index.php?rest_route=\/wp\/v2\/posts\/59025","targetHints":{"allow":["GET"]}}],"collection":[{"href":"https:\/\/ciaoup.it\/index.php?rest_route=\/wp\/v2\/posts"}],"about":[{"href":"https:\/\/ciaoup.it\/index.php?rest_route=\/wp\/v2\/types\/post"}],"author":[{"embeddable":true,"href":"https:\/\/ciaoup.it\/index.php?rest_route=\/wp\/v2\/users\/3"}],"replies":[{"embeddable":true,"href":"https:\/\/ciaoup.it\/index.php?rest_route=%2Fwp%2Fv2%2Fcomments&post=59025"}],"version-history":[{"count":1,"href":"https:\/\/ciaoup.it\/index.php?rest_route=\/wp\/v2\/posts\/59025\/revisions"}],"predecessor-version":[{"id":59055,"href":"https:\/\/ciaoup.it\/index.php?rest_route=\/wp\/v2\/posts\/59025\/revisions\/59055"}],"wp:featuredmedia":[{"embeddable":true,"href":"https:\/\/ciaoup.it\/index.php?rest_route=\/wp\/v2\/media\/59026"}],"wp:attachment":[{"href":"https:\/\/ciaoup.it\/index.php?rest_route=%2Fwp%2Fv2%2Fmedia&parent=59025"}],"wp:term":[{"taxonomy":"category","embeddable":true,"href":"https:\/\/ciaoup.it\/index.php?rest_route=%2Fwp%2Fv2%2Fcategories&post=59025"},{"taxonomy":"post_tag","embeddable":true,"href":"https:\/\/ciaoup.it\/index.php?rest_route=%2Fwp%2Fv2%2Ftags&post=59025"}],"curies":[{"name":"wp","href":"https:\/\/api.w.org\/{rel}","templated":true}]}}