{"id":59023,"date":"2026-03-04T16:39:00","date_gmt":"2026-03-04T16:39:00","guid":{"rendered":"https:\/\/ciaoup.it\/?p=59023"},"modified":"2026-03-04T16:39:00","modified_gmt":"2026-03-04T16:39:00","slug":"pichetto-fratin-a-key-una-visione-avanzata-di-ambiente","status":"publish","type":"post","link":"https:\/\/ciaoup.it\/?p=59023","title":{"rendered":"Pichetto Fratin: &#8220;A Key una visione avanzata di ambiente&#8221;"},"content":{"rendered":"<p> (Adnkronos) &#8211;  \u00c8 partita questa mattina Key &#8211; The Energy Transition Expo, la manifestazione di Ieg (Italian Exhibition Group) di riferimento in Europa, Africa e bacino del Mediterraneo sulla transizione energetica, che da oggi a venerd\u00ec 6 marzo porter\u00e0 alla Fiera di Rimini, su 125mila metri quadrati lordi di superficie in 24 padiglioni, oltre 1.000 brand espositori, di cui circa il 30% dall\u2019estero. Attesi pi\u00f9 di 500 hosted buyer e delegazioni da 50 Paesi, coinvolti grazie al supporto dell\u2019Agenzia Ice e del ministero degli Affari Esteri e della Cooperazione Internazionale (Maeci).\u00a0<\/p>\n<p>Key 2026 \u00e8 stata inaugurata oggi con un Opening Ceremony alla presenza del ministro dell\u2019Ambiente e della Sicurezza energetica Gilberto Pichetto Fratin. Sono intervenuti Maurizio Renzo Ermeti, presidente di Ieg, Anna Montini, assessora alla Transizione Ecologica del Comune di Rimini, Maurizio Forte, direttore centrale per i Settori dell\u2019Export dell\u2019Agenzia Ice, Vinicio Mos\u00e9 Vigilante, amministratore delegato Gse, e Irene Priolo, assessora all&#8217;Ambiente, Programmazione territoriale, Mobilit\u00e0 e Trasporti, Infrastrutture Regione Emilia-Romagna.\u00a0<\/p>\n<p>\u201cL\u2019Italia &#8211; spiega il ministro dell\u2019Ambiente e della Sicurezza energetica Gilberto Pichetto Fratin &#8211; crede nelle rinnovabili e nella neutralit\u00e0 tecnologica, come parte di una strategia di sviluppo sostenibile concreta e non ideologica. Gli accadimenti internazionali confermano l\u2019importanza di investire sulla sicurezza energetica, liberando allo stesso tempo le grandi potenzialit\u00e0 delle rinnovabili: una visione che ha preso forma anche attraverso il recente decreto Energia. Non possiamo escludere nessun vettore dal nostro mix energetico: ci\u00f2 significa anche puntare, come abbiamo scelto di fare attraverso il disegno di legge delega portato in Parlamento, su un nuovo nucleare pulito e sostenibile. Il mondo delle imprese presente a Key \u00e8 gi\u00e0 interprete di una visione avanzata di ambiente, che sceglie innovazione e qualit\u00e0\u201d.\u00a0<\/p>\n<p>La giornata inaugurale di Key &#8211; The Energy Transition Expo \u00e8 stata l\u2019occasione per presentare alla community internazionale dell\u2019energia Ssec \u2013 Storage &amp; Solar Expo Conference, il nuovo evento B2B interamente dedicato al solare e ai sistemi di accumulo energetico organizzato da Ieg &#8211; Italian Exhibition Group.\u00a0<\/p>\n<p>In programma il 22 e 23 settembre 2026 alla Fiera di Vicenza, Ssec nasce come appuntamento verticale e altamente specializzato, complementare a Key, con l\u2019obiettivo di offrire al mercato un format compatto, orientato al business diretto e al networking qualificato tra produttori, distributori, Epc contractor, progettisti, investitori e grandi utilizzatori di energia. \u00a0<\/p>\n<p>&#8212;<\/p>\n<p>sostenibilita<\/p>\n<p>webinfo@adnkronos.com (Web Info)<\/p>\n<div style=\"display:flex; gap:10px;justify-content:center\" class=\"wps-pgfw-pdf-generate-icon__wrapper-frontend\">\n\t\t<a  href=\"https:\/\/ciaoup.it?action=genpdf&amp;id=59023\" class=\"pgfw-single-pdf-download-button\" ><img src=\"https:\/\/ciaoup.it\/wp-content\/plugins\/pdf-generator-for-wp\/admin\/src\/images\/PDF_Tray.svg\" title=\"Generate PDF\" style=\"width:auto; height:45px;\"><\/a>\n\t\t<\/div>","protected":false},"excerpt":{"rendered":"<p>(Adnkronos) &#8211; \u00c8 partita questa mattina Key &#8211; The Energy Transition Expo, la manifestazione di&hellip;<\/p>\n","protected":false},"author":3,"featured_media":59024,"comment_status":"open","ping_status":"closed","sticky":false,"template":"","format":"standard","meta":{"footnotes":""},"categories":[12],"tags":[3],"class_list":["post-59023","post","type-post","status-publish","format-standard","has-post-thumbnail","hentry","category-comunicati","tag-ultimora"],"_links":{"self":[{"href":"https:\/\/ciaoup.it\/index.php?rest_route=\/wp\/v2\/posts\/59023","targetHints":{"allow":["GET"]}}],"collection":[{"href":"https:\/\/ciaoup.it\/index.php?rest_route=\/wp\/v2\/posts"}],"about":[{"href":"https:\/\/ciaoup.it\/index.php?rest_route=\/wp\/v2\/types\/post"}],"author":[{"embeddable":true,"href":"https:\/\/ciaoup.it\/index.php?rest_route=\/wp\/v2\/users\/3"}],"replies":[{"embeddable":true,"href":"https:\/\/ciaoup.it\/index.php?rest_route=%2Fwp%2Fv2%2Fcomments&post=59023"}],"version-history":[{"count":1,"href":"https:\/\/ciaoup.it\/index.php?rest_route=\/wp\/v2\/posts\/59023\/revisions"}],"predecessor-version":[{"id":59056,"href":"https:\/\/ciaoup.it\/index.php?rest_route=\/wp\/v2\/posts\/59023\/revisions\/59056"}],"wp:featuredmedia":[{"embeddable":true,"href":"https:\/\/ciaoup.it\/index.php?rest_route=\/wp\/v2\/media\/59024"}],"wp:attachment":[{"href":"https:\/\/ciaoup.it\/index.php?rest_route=%2Fwp%2Fv2%2Fmedia&parent=59023"}],"wp:term":[{"taxonomy":"category","embeddable":true,"href":"https:\/\/ciaoup.it\/index.php?rest_route=%2Fwp%2Fv2%2Fcategories&post=59023"},{"taxonomy":"post_tag","embeddable":true,"href":"https:\/\/ciaoup.it\/index.php?rest_route=%2Fwp%2Fv2%2Ftags&post=59023"}],"curies":[{"name":"wp","href":"https:\/\/api.w.org\/{rel}","templated":true}]}}