{"id":59017,"date":"2026-03-04T16:56:32","date_gmt":"2026-03-04T16:56:32","guid":{"rendered":"https:\/\/ciaoup.it\/?p=59017"},"modified":"2026-03-04T16:56:32","modified_gmt":"2026-03-04T16:56:32","slug":"enace-e-adr-ricordano-catricala-a-roma-fiumicino","status":"publish","type":"post","link":"https:\/\/ciaoup.it\/?p=59017","title":{"rendered":"Enace e Adr ricordano Catrical\u00e0 a Roma Fiumicino"},"content":{"rendered":"<p> (Adnkronos) &#8211; Un confronto ampio tra istituzioni, operatori e stakeholder del settore del trasporto aereo sui temi della concorrenza, della regolazione e del ruolo strategico delle infrastrutture aeroportuali per la competitivit\u00e0 dell\u2019Italia, nel ricordo di Antonio Catrical\u00e0, gi\u00e0 Viceministro, Sottosegretario di Stato, Presidente dell\u2019Autorit\u00e0 Garante della Concorrenza e del Mercato e Presidente di Aeroporti di Roma dal 2017 al 2021: con questo obiettivo Enac e Adr hanno promosso al Terminal 5 dello scalo di Roma Fiumicino l\u2019incontro \u201cConcorrenza e trasporto aereo nel sistema delle infrastrutture strategiche\u201d, realizzato con l\u2019Osservatorio sul trasporto aereo \u201cAntonio Catrical\u00e0\u201d, nato dalla collaborazione tra ENAC e Luiss School of Law, intitolato alla memoria dell\u2019illustre giurista per promuovere cultura aeronautica e confronto tra mondo accademico, istituzionale e industriale. L\u2019iniziativa, che ha visto gli interventi del Sindaco di Fiumicino Mario Baccini, dell\u2019Amministratore Delegato di Aeroporti di Roma Marco Troncone, del Presidente Enac Pierluigi Di Palma, del Presidente di Adr Vincenzo Nunziata e del Professor Aristide Police della Luiss School of Law, con le conclusioni affidate a Gianni Letta, gi\u00e0 Sottosegretario alla Presidenza del Consiglio, e al Viceministro delle Infrastrutture e dei Trasporti Edoardo Rixi, ha riunito i principali attori della filiera per approfondire il contributo che il settore del trasporto aereo pu\u00f2 offrire allo sviluppo economico e alla crescita sostenibile del Paese, in uno scenario globale sempre pi\u00f9 competitivo e caratterizzato da profonde trasformazioni industriali e tecnologiche.\u00a0<\/p>\n<p>\u201cDesidero innanzitutto ricordare l\u2019illustre giurista e amico Antonio Catrical\u00e0 sulle cui orme abbiamo costituito l\u2019Osservatorio, con la Luiss School of Law: un laboratorio culturale d\u2019eccellenza, essenziale per affrontare, in sinergia con tutti i player del comparto, le sfide cruciali che attendono il futuro del trasporto aereo. \u2013 ha dichiarato il Presidente Enac Pierluigi Di Palma. \u2013 Nel corso della sua prestigiosa carriera, Catrical\u00e0 ha approfondito, con lungimiranza, i temi della concorrenza e della liberalizzazione, un percorso che in Italia \u00e8 stato avviato da Enac quasi 30 anni fa, diventando un modello riconosciuto a livello internazionale. L\u2019Enac ha saputo interpretare un fondamentale ruolo di sintesi tra pubblico e privato, favorendo uno sviluppo rapido del settore e garantendo ricadute economiche positive per gli operatori chiamati a operare entro una cornice regolatoria definita dall\u2019Autorit\u00e0. La liberalizzazione ha generato vantaggi tangibili per il mercato e per i consumatori, poich\u00e9 ha reso disponibile il servizio di trasporto aereo a prezzi accessibili, potenziando l\u2019offerta complessiva attraverso una forte competitivit\u00e0. Un processo costantemente affiancato dalla tutela giuridica dei passeggeri a livello europeo. Il passeggero resta, infatti, il fulcro del sistema: la nostra azione \u00e8 guidata dal principio che il diritto alla mobilit\u00e0 debba essere garantito a tutti, senza distinzioni, assicurando elevati standard di qualit\u00e0, rispetto e inclusivit\u00e0, nessuno escluso. Celebrare oggi la memoria di Antonio Catrical\u00e0 nell\u2019aeroporto di Roma Fiumicino, che per molti anni ha guidato nel ruolo di Presidente della societ\u00e0 di gestione e che \u00e8 stato confermato miglior hub europeo per il nono anno consecutivo, rappresenta la sintesi perfetta di un sistema integrato che unisce Istituzioni, mondo accademico, operatori e industria verso un obiettivo comune di eccellenza.\u201d\u00a0<\/p>\n<p>\u00a0<\/p>\n<p>\n\u201cIl trasporto aereo rappresenta un fattore strategico per la competitivit\u00e0 e la coesione del Paese. Come evidenziato anche dall\u2019esperienza di Antonio Catrical\u00e0, lo sviluppo del settore deve procedere in modo coerente con un quadro regolatorio solido, fondato sulla concorrenza leale, sulla tutela dei diritti dei passeggeri e su infrastrutture moderne ed efficienti \u2013 ha affermato il Viceministro delle Infrastrutture e dei Trasporti Edoardo Rixi. \u2013 Presso il Ministero delle Infrastrutture e dei Trasporti sono stati programmati interventi rilevanti a favore del sistema aeroportuale, con particolare attenzione agli scali di interesse strategico. Gli investimenti negli aeroporti contribuiscono a rafforzare l\u2019intermodalit\u00e0, a sostenere lo sviluppo dei territori e a consolidare il ruolo dell\u2019Italia nei collegamenti europei e internazionali.\u201d \u201cOspitare nel nostro aeroporto un momento di ricordo per Antonio Catrical\u00e0, oltre che di confronto sui temi di questo settore su cui era uno dei massimi esperti a livello europeo, conferma la vocazione del nostro scalo a essere un luogo votato alla condivisione sui temi strategici che orientano il futuro del trasporto aereo, riconoscendo nella sua memoria il valore di una visione istituzionale capace di accompagnare le traiettorie di sviluppo del settore e di favorire un dialogo aperto tra i diversi attori della filiera \u2013 ha aggiunto il Presidente di Aeroporti di Roma Vincenzo Nunziata. \u2013 Lo scambio tra istituzioni, mondo accademico e operatori costituisce infatti un elemento essenziale per accompagnare l\u2019evoluzione delle infrastrutture e consolidare il ruolo del sistema aeroportuale come leva di competitivit\u00e0 e sviluppo per il Paese\u201d.\u00a0<\/p>\n<p>\u201cOggi siamo qui per ricordare, nel quinto anniversario della sua scomparsa, Antonio Catrical\u00e0, una figura che ha rappresentato con rigore e competenza, le pi\u00f9 alte istituzioni della Repubblica. \u2013 ha evidenziato il Sindaco di Fiumicino Mario Baccini. \u2013 In un periodo storico segnato da trasformazioni economiche e sociali, ha sempre posto al centro l\u2019interesse generale, la collaborazione tra le istituzioni e la legalit\u00e0. Per una citt\u00e0 come Fiumicino, cuore di un hub strategico per l\u2019intero sistema Paese e profondamente integrato con il territorio, con la comunit\u00e0 e con le dinamiche di crescita che la attraversano, il suo esempio continua a rappresentare un punto di riferimento prezioso.\u201d\u00a0<\/p>\n<p>Dopo aver ospitato le celebrazioni del 65\u00b0 anniversario dello scalo lo scorso 31 ottobre, alla presenza del Presidente della Repubblica Sergio Mattarella, il rinnovato Terminal 5 del \u201cLeonardo da Vinci\u201d \u2013 confermato miglior hub in Europa per il nono anno consecutivo da ACI World \u2013 si \u00e8 dimostrato, anche in questa occasione, uno spazio di dialogo e approfondimento, capace di favorire lo scambio di visioni e prospettive sul futuro del settore. In questo contesto \u00e8 stata inaugurata l\u2019esposizione dell\u2019opera \u2018Il ramo d\u2019oro\u2019 (2014) dell\u2019artista Giosetta Fioroni (1932), pioniera dell\u2019arte contemporanea italiana e figura femminile della celebre \u201cScuola di Piazza del Popolo\u201d nonch\u00e9 emblema riconosciuto dell\u2019identit\u00e0 e della cultura italiana &#8211; a ulteriore dimostrazione del dialogo tra dimensione infrastrutturale e culturale che caratterizza il percorso di valorizzazione artistica promosso da ADR. Ispirato al tema del passaggio e della trasformazione, il quadro richiama il tema della soglia come varco di trasformazione e rinascita, invitando a vivere il viaggio come percorso di cambiamento e riconoscendo all\u2019aeroporto una dimensione ulteriore: non solo infrastruttura, ma moderna porta e luogo simbolico del passaggio umano. L\u2019opera, in prestito dalla Fondazione Giosetta Fioroni, rimarr\u00e0 in aeroporto fino ad aprile 2027.\u00a0<\/p>\n<p>&#8212;<\/p>\n<p>economia<\/p>\n<p>webinfo@adnkronos.com (Web Info)<\/p>\n<div style=\"display:flex; gap:10px;justify-content:center\" class=\"wps-pgfw-pdf-generate-icon__wrapper-frontend\">\n\t\t<a  href=\"https:\/\/ciaoup.it?action=genpdf&amp;id=59017\" class=\"pgfw-single-pdf-download-button\" ><img src=\"https:\/\/ciaoup.it\/wp-content\/plugins\/pdf-generator-for-wp\/admin\/src\/images\/PDF_Tray.svg\" title=\"Generate PDF\" style=\"width:auto; height:45px;\"><\/a>\n\t\t<\/div>","protected":false},"excerpt":{"rendered":"<p>(Adnkronos) &#8211; Un confronto ampio tra istituzioni, operatori e stakeholder del settore del trasporto aereo&hellip;<\/p>\n","protected":false},"author":3,"featured_media":59018,"comment_status":"open","ping_status":"closed","sticky":false,"template":"","format":"standard","meta":{"footnotes":""},"categories":[12],"tags":[3],"class_list":["post-59017","post","type-post","status-publish","format-standard","has-post-thumbnail","hentry","category-comunicati","tag-ultimora"],"_links":{"self":[{"href":"https:\/\/ciaoup.it\/index.php?rest_route=\/wp\/v2\/posts\/59017","targetHints":{"allow":["GET"]}}],"collection":[{"href":"https:\/\/ciaoup.it\/index.php?rest_route=\/wp\/v2\/posts"}],"about":[{"href":"https:\/\/ciaoup.it\/index.php?rest_route=\/wp\/v2\/types\/post"}],"author":[{"embeddable":true,"href":"https:\/\/ciaoup.it\/index.php?rest_route=\/wp\/v2\/users\/3"}],"replies":[{"embeddable":true,"href":"https:\/\/ciaoup.it\/index.php?rest_route=%2Fwp%2Fv2%2Fcomments&post=59017"}],"version-history":[{"count":1,"href":"https:\/\/ciaoup.it\/index.php?rest_route=\/wp\/v2\/posts\/59017\/revisions"}],"predecessor-version":[{"id":59060,"href":"https:\/\/ciaoup.it\/index.php?rest_route=\/wp\/v2\/posts\/59017\/revisions\/59060"}],"wp:featuredmedia":[{"embeddable":true,"href":"https:\/\/ciaoup.it\/index.php?rest_route=\/wp\/v2\/media\/59018"}],"wp:attachment":[{"href":"https:\/\/ciaoup.it\/index.php?rest_route=%2Fwp%2Fv2%2Fmedia&parent=59017"}],"wp:term":[{"taxonomy":"category","embeddable":true,"href":"https:\/\/ciaoup.it\/index.php?rest_route=%2Fwp%2Fv2%2Fcategories&post=59017"},{"taxonomy":"post_tag","embeddable":true,"href":"https:\/\/ciaoup.it\/index.php?rest_route=%2Fwp%2Fv2%2Ftags&post=59017"}],"curies":[{"name":"wp","href":"https:\/\/api.w.org\/{rel}","templated":true}]}}