{"id":58883,"date":"2026-03-04T13:03:00","date_gmt":"2026-03-04T13:03:00","guid":{"rendered":"https:\/\/ciaoup.it\/?p=58883"},"modified":"2026-03-04T13:03:00","modified_gmt":"2026-03-04T13:03:00","slug":"australia-in-arrivo-legge-che-obbliga-a-due-giorni-di-smart-working","status":"publish","type":"post","link":"https:\/\/ciaoup.it\/?p=58883","title":{"rendered":"Australia, in arrivo legge che &#8216;obbliga&#8217; a due giorni di smart working"},"content":{"rendered":"<p> (Adnkronos) &#8211; Due giorni di smart working per legge. Accade in Australia dove \u00e8 in arrivo l&#8217;obbligo legale per molte aziende australiane a consentire ai propri dipendenti di lavorare da casa due giorni a settimana. E&#8217; quanto prevede una legge proposta dal governo dello stato di Victoria che punta a sancire il diritto al lavoro da remoto. Melbourne, capitale dello stato di Victoria e citt\u00e0 pi\u00f9 grande dell&#8217;Australia, ospita numerose grandi aziende, tra cui BHP, Rio Tinto, ANZ Bank, Telstra e alcuni dei maggiori fondi pensione del Paese.\u00a0<\/p>\n<p>\u00a0<\/p>\n<p>\u00a0<\/p>\n<p>Il governo laburista dello stato ha elaborato una proposta che prevede che i dipendenti del settore pubblico e privato abbiano il diritto legale di lavorare da remoto per due giorni a settimana, ove possibile, a partire da settembre. Le piccole aziende avranno tempo fino a luglio 2027 per adeguarsi. &#8220;Il lavoro da casa \u00e8 vantaggioso per le famiglie perch\u00e9 fa risparmiare tempo e denaro e fa lavorare pi\u00f9 genitori&#8221;, ha affermato la premier dello stato Jacinta Allan che dovr\u00e0 affrontare a novembre le elezioni locali. Quella di ufficializzare il diritto allo smart working \u00e8 un tema molto sensibile e far\u00e0 parte della piattaforma elettorale laburista laddove l&#8217;opposizione liberale ha parlato di modelli di lavoro a distanza &#8220;insostenibili&#8221; per il settore pubblico ma non ha chiarito se si opporr\u00e0 alla nuova legge.\u00a0<\/p>\n<p>La proposta dello Stato australiano non piace tuttavia a molti manager che lamentano le presunte ricadute negative dello smart working mentre alcune associazioni di categoria hanno ipotizzato il trasferimento di posti di lavoro dal Victoria verso altri Stati.\u00a0<\/p>\n<p>&#8212;<\/p>\n<p>economia<\/p>\n<p>webinfo@adnkronos.com (Web Info)<\/p>\n<div style=\"display:flex; gap:10px;justify-content:center\" class=\"wps-pgfw-pdf-generate-icon__wrapper-frontend\">\n\t\t<a  href=\"https:\/\/ciaoup.it?action=genpdf&amp;id=58883\" class=\"pgfw-single-pdf-download-button\" ><img src=\"https:\/\/ciaoup.it\/wp-content\/plugins\/pdf-generator-for-wp\/admin\/src\/images\/PDF_Tray.svg\" title=\"Generate PDF\" style=\"width:auto; height:45px;\"><\/a>\n\t\t<\/div>","protected":false},"excerpt":{"rendered":"<p>(Adnkronos) &#8211; Due giorni di smart working per legge. Accade in Australia dove \u00e8 in&hellip;<\/p>\n","protected":false},"author":3,"featured_media":58884,"comment_status":"open","ping_status":"closed","sticky":false,"template":"","format":"standard","meta":{"footnotes":""},"categories":[12],"tags":[3],"class_list":["post-58883","post","type-post","status-publish","format-standard","has-post-thumbnail","hentry","category-comunicati","tag-ultimora"],"_links":{"self":[{"href":"https:\/\/ciaoup.it\/index.php?rest_route=\/wp\/v2\/posts\/58883","targetHints":{"allow":["GET"]}}],"collection":[{"href":"https:\/\/ciaoup.it\/index.php?rest_route=\/wp\/v2\/posts"}],"about":[{"href":"https:\/\/ciaoup.it\/index.php?rest_route=\/wp\/v2\/types\/post"}],"author":[{"embeddable":true,"href":"https:\/\/ciaoup.it\/index.php?rest_route=\/wp\/v2\/users\/3"}],"replies":[{"embeddable":true,"href":"https:\/\/ciaoup.it\/index.php?rest_route=%2Fwp%2Fv2%2Fcomments&post=58883"}],"version-history":[{"count":1,"href":"https:\/\/ciaoup.it\/index.php?rest_route=\/wp\/v2\/posts\/58883\/revisions"}],"predecessor-version":[{"id":58899,"href":"https:\/\/ciaoup.it\/index.php?rest_route=\/wp\/v2\/posts\/58883\/revisions\/58899"}],"wp:featuredmedia":[{"embeddable":true,"href":"https:\/\/ciaoup.it\/index.php?rest_route=\/wp\/v2\/media\/58884"}],"wp:attachment":[{"href":"https:\/\/ciaoup.it\/index.php?rest_route=%2Fwp%2Fv2%2Fmedia&parent=58883"}],"wp:term":[{"taxonomy":"category","embeddable":true,"href":"https:\/\/ciaoup.it\/index.php?rest_route=%2Fwp%2Fv2%2Fcategories&post=58883"},{"taxonomy":"post_tag","embeddable":true,"href":"https:\/\/ciaoup.it\/index.php?rest_route=%2Fwp%2Fv2%2Ftags&post=58883"}],"curies":[{"name":"wp","href":"https:\/\/api.w.org\/{rel}","templated":true}]}}