{"id":57602,"date":"2026-02-28T13:03:43","date_gmt":"2026-02-28T13:03:43","guid":{"rendered":"https:\/\/ciaoup.it\/?p=57602"},"modified":"2026-02-28T13:03:43","modified_gmt":"2026-02-28T13:03:43","slug":"attacco-usa-e-israele-alliran-tajani-italiani-non-escano-di-casa","status":"publish","type":"post","link":"https:\/\/ciaoup.it\/?p=57602","title":{"rendered":"Attacco Usa e Israele all&#8217;Iran, Tajani: &#8220;Italiani non escano di casa&#8221;"},"content":{"rendered":"<p> (Adnkronos) &#8211; In Iran &#8221;non ci sono italiani coinvolti in nessuna azione militare&#8221;, &#8221;n\u00e9 civili n\u00e9 militari, per\u00f2 quello che noi diciamo ai nostri concittadini che vivono l\u00ec o che sono turisti di non muoversi, di non uscire di casa e di non abbandonare gli alberghi quando si tratta di turisti&#8221;. Lo ha detto il vicepremier e ministro degli Esteri, Antonio Tajani, incontrando i giornalisti alla Farnesina dopo l&#8217;attacco di Usa e Israele all&#8217;Iran, spiegando che &#8221;sono poco meno di 500, ma sono quasi tutti residenti in Iran&#8221; gli italiani che si trovano al momento nella Repubblica islamica.\u00a0<\/p>\n<p>Tajani ha spiegato che &#8221;la nostra ambasciata \u00e8 a disposizione ed \u00e8 pronta a organizzare l&#8217;evacuazione&#8221; degli italiani che volessero uscire dall&#8217;Iran e si \u00e8 &#8221;pronti ad accoglierli in Azerbaigian&#8221;.\u00a0<\/p>\n<p>In merito agli italiani &#8221;che sono negli aeroporti&#8221;, Tajani ha aggiunto: &#8221;Cercheremo di assisterli nel modo migliore possibile&#8221;. Il titolare della Farnesina ha spiegato: &#8220;Stiamo installando a Doha e ad Abu Dhabi dei desk in aeroporto per dare assistenza immediata agli italiani&#8221; e chiediamo a loro di &#8221;contattare la nostra unit\u00e0 di crisi o le ambasciate&#8221;. Inoltre, &#8221;stiamo cercando di assistere tutti gli italiani, anche quelli che sono in resort e sono in zone pi\u00f9 lontane perch\u00e9 ci sono molti turisti in questo periodo di vacanza&#8221;.\u00a0<\/p>\n<p>Quanto ai &#8220;militari dell&#8217;aeronautica militare che sono nella base in Kuwait, attaccata con missili dall&#8217;Iran, sono tutti incolumi. Erano tutti nel bunker quindi ci sono stati danni ingenti alla pista ma non ci sono militari italiani feriti&#8221;, ha detto il vicepremier. &#8221;La notizia positiva \u00e8 che non c&#8217;\u00e8 neanche un italiano coinvolto negli attacchi molteplici che ci sono stati sia in Iran sia in altri Paesi dell&#8217;area, in modo particolare nell&#8217;area del Golfo&#8221;, ha aggiunto il titolare della Farnesina.\u00a0<\/p>\n<p>&#8221;Certamente \u00e8 una situazione difficile e complicata, non sar\u00e0 una guerra lampo&#8221;, ma &#8221;durer\u00e0 giorni e giorni&#8221;, ha dichiarato Tajani. &#8221;L&#8217;obiettivo \u00e8 quello di smantellare lo strumento bellico iraniano pi\u00f9 pericoloso per Israele e per le basi americane dell&#8217;area&#8221;.\u00a0<\/p>\n<p>&#8212;<\/p>\n<p>internazionale\/esteri<\/p>\n<p>webinfo@adnkronos.com (Web Info)<\/p>\n<div style=\"display:flex; gap:10px;justify-content:center\" class=\"wps-pgfw-pdf-generate-icon__wrapper-frontend\">\n\t\t<a  href=\"https:\/\/ciaoup.it?action=genpdf&amp;id=57602\" class=\"pgfw-single-pdf-download-button\" ><img src=\"https:\/\/ciaoup.it\/wp-content\/plugins\/pdf-generator-for-wp\/admin\/src\/images\/PDF_Tray.svg\" title=\"Generate PDF\" style=\"width:auto; height:45px;\"><\/a>\n\t\t<\/div>","protected":false},"excerpt":{"rendered":"<p>(Adnkronos) &#8211; In Iran &#8221;non ci sono italiani coinvolti in nessuna azione militare&#8221;, &#8221;n\u00e9 civili&hellip;<\/p>\n","protected":false},"author":3,"featured_media":57603,"comment_status":"open","ping_status":"closed","sticky":false,"template":"","format":"standard","meta":{"footnotes":""},"categories":[12],"tags":[3],"class_list":["post-57602","post","type-post","status-publish","format-standard","has-post-thumbnail","hentry","category-comunicati","tag-ultimora"],"_links":{"self":[{"href":"https:\/\/ciaoup.it\/index.php?rest_route=\/wp\/v2\/posts\/57602","targetHints":{"allow":["GET"]}}],"collection":[{"href":"https:\/\/ciaoup.it\/index.php?rest_route=\/wp\/v2\/posts"}],"about":[{"href":"https:\/\/ciaoup.it\/index.php?rest_route=\/wp\/v2\/types\/post"}],"author":[{"embeddable":true,"href":"https:\/\/ciaoup.it\/index.php?rest_route=\/wp\/v2\/users\/3"}],"replies":[{"embeddable":true,"href":"https:\/\/ciaoup.it\/index.php?rest_route=%2Fwp%2Fv2%2Fcomments&post=57602"}],"version-history":[{"count":1,"href":"https:\/\/ciaoup.it\/index.php?rest_route=\/wp\/v2\/posts\/57602\/revisions"}],"predecessor-version":[{"id":57606,"href":"https:\/\/ciaoup.it\/index.php?rest_route=\/wp\/v2\/posts\/57602\/revisions\/57606"}],"wp:featuredmedia":[{"embeddable":true,"href":"https:\/\/ciaoup.it\/index.php?rest_route=\/wp\/v2\/media\/57603"}],"wp:attachment":[{"href":"https:\/\/ciaoup.it\/index.php?rest_route=%2Fwp%2Fv2%2Fmedia&parent=57602"}],"wp:term":[{"taxonomy":"category","embeddable":true,"href":"https:\/\/ciaoup.it\/index.php?rest_route=%2Fwp%2Fv2%2Fcategories&post=57602"},{"taxonomy":"post_tag","embeddable":true,"href":"https:\/\/ciaoup.it\/index.php?rest_route=%2Fwp%2Fv2%2Ftags&post=57602"}],"curies":[{"name":"wp","href":"https:\/\/api.w.org\/{rel}","templated":true}]}}