{"id":57586,"date":"2026-02-28T12:51:37","date_gmt":"2026-02-28T12:51:37","guid":{"rendered":"https:\/\/ciaoup.it\/?p=57586"},"modified":"2026-02-28T12:51:37","modified_gmt":"2026-02-28T12:51:37","slug":"sanremo-fedez-sono-consapevole-errori-del-passato-io-nemico-di-me-stesso","status":"publish","type":"post","link":"https:\/\/ciaoup.it\/?p=57586","title":{"rendered":"Sanremo, Fedez: &#8220;Sono consapevole errori del passato, io nemico di me stesso&#8221;"},"content":{"rendered":"<p> (Adnkronos) &#8211;<br \/>\nFedez soddisfatto del suo Sanremo 2026. Il rapper in gara al festival insieme a Marco Masini ha parlato delle sue ambizioni in vista della finale di oggi, sabato 28 febbraio: &#8220;Il rischio di entrare da papi e di uscire cardinali? Ma noi non siamo proprio entrati in seminario. Io mi ritengo gi\u00e0 soddisfatto cos\u00ec. Poi certo, saremmo contenti qualsiasi cosa arrivi, ma \u00e8 tutto un di pi\u00f9. Non ci possiamo rimproverare nulla&#8221;, ha detto in conferenza stampa.\u00a0<\/p>\n<p>&#8220;Credo che quest&#8217;anno si riesca ad andare un po&#8217; oltre le mie responsabilit\u00e0 e a mettere al centro la musica, io ci sto provando consapevole degli errori del passato. Non posso cambiarlo, ma posso provarci&#8221;, ha continuato Fedez con la consueta grande sincerit\u00e0. &#8220;Siamo molto felici sia della canzone che di come sia arrivato l&#8217;argomento che abbiamo deciso di trattare &#8211; ha detto commentando il brano &#8216;Male Necessario&#8217;, che ha debuttato al primo posto su Spotify ed \u00e8 primo nella classifica Fimi &#8211; Non era scontata questa accoglienza. Stiamo cercando di far evolvere la performance e progredire sul palco, entrare sempre di pi\u00f9 dentro la canzone&#8221;.\u00a0<\/p>\n<p>Sul rapporto con Marco Masini, nato lo scorso anno quando lo invit\u00f2 nella serata delle cover a cantare con lui il celebre &#8216;Bella Stronza&#8217;, Fedez spende parole di grande elogio: &#8220;Per me \u00e8 un grande onore condividere questo palco con Marco, lui rappresenta la storia della musica italiana. Abbiamo trovato una sinergia particolare da subito in studio. Una complementariet\u00e0, perch\u00e9 all&#8217;interno del brano c&#8217;\u00e8 un pezzo di ognuno di noi due. Ci tengo a ringraziarlo&#8221;. \u00a0<\/p>\n<p>Masini sembra avere un effetto &#8216;calmante&#8217; sull&#8217;ansia da palco dell&#8217;artista di Rozzano: &#8220;Sono rimasto scioccato dalla calma serafica che Marco ha dietro le quinte, e per osmosi \u00e8 riuscito ad infonderla a me &#8211; scherza Fedez &#8211; Non nascondo che ho sempre percepito il peso di questo palco, ma Marco ha una tecnica per stemperare che \u00e8 parlare di calcio, quindi sono diventato esperto della Fiorentina&#8221;, dice riferendosi alla nota fede viola di Masini.\u00a0<\/p>\n<p>Poi un cenno al passato artistico, non sempre facile, del suo partner artistico in questo Sanremo: &#8220;Credo che Marco abbia subito nella sua carriera delle vessazioni totalmente ingiustificate &#8211; ha spiegato Fedez &#8211; io invece sono stato sempre nemico di me stesso, c&#8217;\u00e8 una differenza&#8221;. Incalzato poi dalle domande dei cronisti sul fatto di non essersi espresso sulla tema della politica dal palco dell&#8217;Ariston, come altri colleghi: &#8220;Ci sono periodi nella vita e urgenze diverse, io sento che la parte politica e di attualit\u00e0 l&#8217;ho sviscerata in maniera molto pi\u00f9 ampia con il mio podcast, ho invitato personaggi come Gratteri, o Colombo: la politica \u00e8 una mia passione&#8221;, ha concluso.\u00a0<\/p>\n<p>\u00a0<\/p>\n<p>&#8212;<\/p>\n<p>spettacoli<\/p>\n<p>webinfo@adnkronos.com (Web Info)<\/p>\n<div style=\"display:flex; gap:10px;justify-content:center\" class=\"wps-pgfw-pdf-generate-icon__wrapper-frontend\">\n\t\t<a  href=\"https:\/\/ciaoup.it?action=genpdf&amp;id=57586\" class=\"pgfw-single-pdf-download-button\" ><img src=\"https:\/\/ciaoup.it\/wp-content\/plugins\/pdf-generator-for-wp\/admin\/src\/images\/PDF_Tray.svg\" title=\"Generate PDF\" style=\"width:auto; height:45px;\"><\/a>\n\t\t<\/div>","protected":false},"excerpt":{"rendered":"<p>(Adnkronos) &#8211; Fedez soddisfatto del suo Sanremo 2026. Il rapper in gara al festival insieme&hellip;<\/p>\n","protected":false},"author":3,"featured_media":57587,"comment_status":"open","ping_status":"closed","sticky":false,"template":"","format":"standard","meta":{"footnotes":""},"categories":[12],"tags":[3],"class_list":["post-57586","post","type-post","status-publish","format-standard","has-post-thumbnail","hentry","category-comunicati","tag-ultimora"],"_links":{"self":[{"href":"https:\/\/ciaoup.it\/index.php?rest_route=\/wp\/v2\/posts\/57586","targetHints":{"allow":["GET"]}}],"collection":[{"href":"https:\/\/ciaoup.it\/index.php?rest_route=\/wp\/v2\/posts"}],"about":[{"href":"https:\/\/ciaoup.it\/index.php?rest_route=\/wp\/v2\/types\/post"}],"author":[{"embeddable":true,"href":"https:\/\/ciaoup.it\/index.php?rest_route=\/wp\/v2\/users\/3"}],"replies":[{"embeddable":true,"href":"https:\/\/ciaoup.it\/index.php?rest_route=%2Fwp%2Fv2%2Fcomments&post=57586"}],"version-history":[{"count":1,"href":"https:\/\/ciaoup.it\/index.php?rest_route=\/wp\/v2\/posts\/57586\/revisions"}],"predecessor-version":[{"id":57605,"href":"https:\/\/ciaoup.it\/index.php?rest_route=\/wp\/v2\/posts\/57586\/revisions\/57605"}],"wp:featuredmedia":[{"embeddable":true,"href":"https:\/\/ciaoup.it\/index.php?rest_route=\/wp\/v2\/media\/57587"}],"wp:attachment":[{"href":"https:\/\/ciaoup.it\/index.php?rest_route=%2Fwp%2Fv2%2Fmedia&parent=57586"}],"wp:term":[{"taxonomy":"category","embeddable":true,"href":"https:\/\/ciaoup.it\/index.php?rest_route=%2Fwp%2Fv2%2Fcategories&post=57586"},{"taxonomy":"post_tag","embeddable":true,"href":"https:\/\/ciaoup.it\/index.php?rest_route=%2Fwp%2Fv2%2Ftags&post=57586"}],"curies":[{"name":"wp","href":"https:\/\/api.w.org\/{rel}","templated":true}]}}