{"id":57485,"date":"2026-02-27T22:43:45","date_gmt":"2026-02-27T22:43:45","guid":{"rendered":"https:\/\/ciaoup.it\/?p=57485"},"modified":"2026-02-27T22:43:45","modified_gmt":"2026-02-27T22:43:45","slug":"sanremo-2026-gianluca-grignani-chi-e-la-cover-con-luche","status":"publish","type":"post","link":"https:\/\/ciaoup.it\/?p=57485","title":{"rendered":"Sanremo 2026, Gianluca Grignani chi \u00e8: la cover con Luch\u00e8"},"content":{"rendered":"<p> (Adnkronos) &#8211;<br \/>\nGianluca Grignani sar\u00e0 tra i protagonisti della serata delle cover del Festival di Sanremo 2026, venerd\u00ec 27 febbraio. Sul palco dell\u2019Ariston interpreta il suo celebre brano &#8216;Falco a met\u00e0&#8217;, con Luch\u00e8, in gara al Festival con il brano &#8216;Labirinto&#8217;.\u00a0<\/p>\n<p>Non ha bisogno di presentazioni. Gianluca Grignani \u00e8 uno degli artisti pi\u00f9 amati e pi\u00f9 apprezzati nella storia della musica italiana. Nato a Milano il 7 aprile 1972, fin da ragazzo fa della musica la sua passione principale: tra le sue influenze figurano Elvis Presley, The Beatles e Lucio Battisti. Il debutto arriva negli anni \u201990 quando partecipa a Sanremo Giovani con La mia storia tra le dita, anticipando l\u2019album Destinazione Paradiso, venduto in Italia in 800.000 copie e in versione spagnola anche in Sud America. La partecipazione al Festival di Sanremo 1995 lo consacra come uno dei cantautori italiani pi\u00f9 importanti.\u00a0<\/p>\n<p>Nel corso degli anni, Grignani ha pubblicato numerosi album: La fabbrica di plastica (1996), inizialmente contestato ma poi considerato un cult, Campi di popcorn (1998), Sdraiato su una nuvola (2000) e Uguali e diversi (2002). Tra i successi pi\u00f9 recenti, Il re del niente (2005) gli vale i premi Mia Martini e Lunezia, mentre nel 2008 torna a Sanremo con Cammina nel sole. Negli anni 2010 collabora con artisti del calibro di Gianni Morandi e Lucio Dalla. \u00a0<\/p>\n<p>La sua ultima partecipazione a Sanremo in gara \u00e8 del 2023, con Quando ti manca il fiato. In quella occasione, nel corso di una sua esibizione, aveva chiesto alla regia di fermare la canzone, citando come riferimento l\u2019episodio di Blanco e le rose spezzate sul palco nella prima serata del Festival: &#8220;L\u2019ho imparata a 50 anni questa cosa, a 20 anni non avrei saputo farlo&#8221;, aveva dichiarato, minimizzando cos\u00ec l&#8217;accaduto che aveva scatenato diverse polemiche. \u00a0<\/p>\n<p>Nel 2025, Grignani \u00e8 stato protagonista di una polemica che ha coinvolto Laura Pausini riguardo la cover di La mia storia tra le dita. Secondo l\u2019artista, la cantante non lo aveva citato correttamente e aveva modificato il testo, alterandone il significato originale. A luglio 2025 Pausini aveva annunciato la cover, mentre a settembre Grignani e il co-autore Massimo Luca hanno formalmente diffidato la cantante. Lo staff di Pausini ha definito le accuse &#8220;ridicole&#8221;, spiegando che erano state ottenute le necessarie autorizzazioni dall\u2019editore.\u00a0<\/p>\n<p>Gianluca Grignani \u00e8 stato sposato con Francesca Dall\u2019Olio, dalla quale ha avuto quattro figli \u2013 Ginevra, Giselle, Giosu\u00e8 e Giona \u2013 la coppia si separa poi nel 2020. Oggi sembrerebbe essere single.\u00a0<\/p>\n<p>Negli anni, Grignani ha dovuto affrontare diverse vicende personali: un\u2019indagine per droga nel 2007 da cui \u00e8 stato scagionato e il ritiro della patente per guida in stato di ebbrezza nel 2008.\u00a0<\/p>\n<p>Sono seduto su un grattacielo\u00a0<\/p>\n<p>Vedo gli aerei passare\u00a0<\/p>\n<p>Poi guardo gi\u00f9, voglio saltare\u00a0<\/p>\n<p>Voglio imparare a volare\u00a0<\/p>\n<p>E allora volo via\u00a0<\/p>\n<p>Siamo in viaggio io e la mente mia\u00a0<\/p>\n<p>Guardami, ho gi\u00e0 spiccato il volo\u00a0<\/p>\n<p>Ed ora sono proprio sopra casa tua\u00a0<\/p>\n<p>Il falco va\u00a0<\/p>\n<p>Senza catene\u00a0<\/p>\n<p>Fugge agli sguardi\u00a0<\/p>\n<p>Sa che conviene\u00a0<\/p>\n<p>E indifferente sorvola gi\u00e0\u00a0<\/p>\n<p>Tutte le accuse\u00a0<\/p>\n<p>Boschi e citt\u00e0\u00a0<\/p>\n<p>Io che son falco\u00a0<\/p>\n<p>Falco a met\u00e0\u00a0<\/p>\n<p>Sono di nuovo sul grattacielo\u00a0<\/p>\n<p>Ed ho imparato a volare\u00a0<\/p>\n<p>Se guardo gi\u00f9 quello che vedo\u00a0<\/p>\n<p>Ora \u00e8 la gente passare\u00a0<\/p>\n<p>E chiss\u00e0 se questo \u00e8\u00a0<\/p>\n<p>Il segreto per vivere con me\u00a0<\/p>\n<p>Seduto su un grattacielo devo stare\u00a0<\/p>\n<p>In alto come un falco\u00a0<\/p>\n<p>Per non farmi catturare\u00a0<\/p>\n<p>Ma il falco va\u00a0<\/p>\n<p>Senza catene\u00a0<\/p>\n<p>Fugge agli sguardi\u00a0<\/p>\n<p>Sa che conviene\u00a0<\/p>\n<p>E indifferente sorvola gi\u00e0\u00a0<\/p>\n<p>Tutte le accuse\u00a0<\/p>\n<p>Boschi e citt\u00e0\u00a0<\/p>\n<p>And so my friends\u00a0<\/p>\n<p>Libera le ali, ogni anima le ha (oh-oh-oh)\u00a0<\/p>\n<p>Rubale alla libert\u00e0\u00a0<\/p>\n<p>And so my friends\u00a0<\/p>\n<p>Libera le ali, ogni anima le ha (oh-oh-oh)\u00a0<\/p>\n<p>Rubale alla libert\u00e0\u00a0<\/p>\n<p>Il falco va\u00a0<\/p>\n<p>Senza catene\u00a0<\/p>\n<p>Fugge agli sguardi\u00a0<\/p>\n<p>Sa che conviene\u00a0<\/p>\n<p>E indifferente\u00a0<\/p>\n<p>Sorvola gi\u00e0\u00a0<\/p>\n<p>Tutte le accuse\u00a0<\/p>\n<p>Boschi e citt\u00e0\u00a0<\/p>\n<p>Io che son falco\u00a0<\/p>\n<p>Falco a met\u00e0\u00a0<\/p>\n<p>&#8212;<\/p>\n<p>spettacoli<\/p>\n<p>webinfo@adnkronos.com (Web Info)<\/p>\n<div style=\"display:flex; gap:10px;justify-content:center\" class=\"wps-pgfw-pdf-generate-icon__wrapper-frontend\">\n\t\t<a  href=\"https:\/\/ciaoup.it?action=genpdf&amp;id=57485\" class=\"pgfw-single-pdf-download-button\" ><img src=\"https:\/\/ciaoup.it\/wp-content\/plugins\/pdf-generator-for-wp\/admin\/src\/images\/PDF_Tray.svg\" title=\"Generate PDF\" style=\"width:auto; height:45px;\"><\/a>\n\t\t<\/div>","protected":false},"excerpt":{"rendered":"<p>(Adnkronos) &#8211; Gianluca Grignani sar\u00e0 tra i protagonisti della serata delle cover del Festival di&hellip;<\/p>\n","protected":false},"author":3,"featured_media":57486,"comment_status":"open","ping_status":"closed","sticky":false,"template":"","format":"standard","meta":{"footnotes":""},"categories":[12],"tags":[3],"class_list":["post-57485","post","type-post","status-publish","format-standard","has-post-thumbnail","hentry","category-comunicati","tag-ultimora"],"_links":{"self":[{"href":"https:\/\/ciaoup.it\/index.php?rest_route=\/wp\/v2\/posts\/57485","targetHints":{"allow":["GET"]}}],"collection":[{"href":"https:\/\/ciaoup.it\/index.php?rest_route=\/wp\/v2\/posts"}],"about":[{"href":"https:\/\/ciaoup.it\/index.php?rest_route=\/wp\/v2\/types\/post"}],"author":[{"embeddable":true,"href":"https:\/\/ciaoup.it\/index.php?rest_route=\/wp\/v2\/users\/3"}],"replies":[{"embeddable":true,"href":"https:\/\/ciaoup.it\/index.php?rest_route=%2Fwp%2Fv2%2Fcomments&post=57485"}],"version-history":[{"count":1,"href":"https:\/\/ciaoup.it\/index.php?rest_route=\/wp\/v2\/posts\/57485\/revisions"}],"predecessor-version":[{"id":57506,"href":"https:\/\/ciaoup.it\/index.php?rest_route=\/wp\/v2\/posts\/57485\/revisions\/57506"}],"wp:featuredmedia":[{"embeddable":true,"href":"https:\/\/ciaoup.it\/index.php?rest_route=\/wp\/v2\/media\/57486"}],"wp:attachment":[{"href":"https:\/\/ciaoup.it\/index.php?rest_route=%2Fwp%2Fv2%2Fmedia&parent=57485"}],"wp:term":[{"taxonomy":"category","embeddable":true,"href":"https:\/\/ciaoup.it\/index.php?rest_route=%2Fwp%2Fv2%2Fcategories&post=57485"},{"taxonomy":"post_tag","embeddable":true,"href":"https:\/\/ciaoup.it\/index.php?rest_route=%2Fwp%2Fv2%2Ftags&post=57485"}],"curies":[{"name":"wp","href":"https:\/\/api.w.org\/{rel}","templated":true}]}}