{"id":57470,"date":"2026-02-27T22:23:32","date_gmt":"2026-02-27T22:23:32","guid":{"rendered":"https:\/\/ciaoup.it\/?p=57470"},"modified":"2026-02-27T22:23:32","modified_gmt":"2026-02-27T22:23:32","slug":"sanremo-2026-chiello-canta-da-solo-cosa-e-successo-con-morgan","status":"publish","type":"post","link":"https:\/\/ciaoup.it\/?p=57470","title":{"rendered":"Sanremo 2026, Chiello canta da solo: cosa \u00e8 successo con Morgan"},"content":{"rendered":"<p> (Adnkronos) &#8211;<br \/>\nChiello accompagnato dal pianista Saverio Cigarini stasera, venerd\u00ec 26 febbraio, per la sua esibizione nella serata delle cover con il brano &#8216;Mi sono innamorato di te&#8217; di Luigi Tenco. Il duetto era inizialmente previsto con Morgan ma a pochi giorni dall&#8217;inizio della kermesse canora, il cantante aveva annunciato la propria rinuncia spiegando che la sua presenza avrebbe rischiato di &#8220;oscurare&#8221; il giovane collega. Una versione che poi, Chiello, in conferenza stampa ha ridimensionato.   \u00a0<\/p>\n<p> &#8220;Lui \u00e8 un grande artista, su questo non ci sono dubbi, solo che abbiamo fatto un po&#8217; di prove e non ci siamo trovati, non si \u00e8 creata quell&#8217;alchimia artistica e quindi ho deciso di non portarlo e non sar\u00e0 presente totalmente&#8221;. L&#8217;artista in gara a Sanremo ha, dunque, fornito la sua versione dei fatti e ha aggiunto: &#8220;L&#8217;arrangiamento \u00e8 stato fatto da Saverio Cigarini, che \u00e8 una persona molto importante per me e tra l&#8217;altro anche un grande artista, quindi sono sicuro che spaccher\u00e0 tutto&#8221;.\u00a0<\/p>\n<p>Alla domanda diretta &#8220;Quindi \u00e8 stata tua la decisione di rinunciare a lui?&#8221;, ha risposto: &#8220;S\u00ec, cos\u00ec ho detto&#8221;. E riguardo alla versione differente di Morgan ha concluso, tagliando corto: &#8220;Ma s\u00ec, ma non voglio fare queste polemiche, sembra poi la fidanzata che &#8216;ti ho lasciato io, non mi hai lasciato tu&#8217;. No, non mi interessa questa cosa, comunque pu\u00f2 dire quello che vuole&#8221;.\u00a0<\/p>\n<p>&#8212;<\/p>\n<p>spettacoli<\/p>\n<p>webinfo@adnkronos.com (Web Info)<\/p>\n<div style=\"display:flex; gap:10px;justify-content:center\" class=\"wps-pgfw-pdf-generate-icon__wrapper-frontend\">\n\t\t<a  href=\"https:\/\/ciaoup.it?action=genpdf&amp;id=57470\" class=\"pgfw-single-pdf-download-button\" ><img src=\"https:\/\/ciaoup.it\/wp-content\/plugins\/pdf-generator-for-wp\/admin\/src\/images\/PDF_Tray.svg\" title=\"Generate PDF\" style=\"width:auto; height:45px;\"><\/a>\n\t\t<\/div>","protected":false},"excerpt":{"rendered":"<p>(Adnkronos) &#8211; Chiello accompagnato dal pianista Saverio Cigarini stasera, venerd\u00ec 26 febbraio, per la sua&hellip;<\/p>\n","protected":false},"author":3,"featured_media":57471,"comment_status":"open","ping_status":"closed","sticky":false,"template":"","format":"standard","meta":{"footnotes":""},"categories":[12],"tags":[3],"class_list":["post-57470","post","type-post","status-publish","format-standard","has-post-thumbnail","hentry","category-comunicati","tag-ultimora"],"_links":{"self":[{"href":"https:\/\/ciaoup.it\/index.php?rest_route=\/wp\/v2\/posts\/57470","targetHints":{"allow":["GET"]}}],"collection":[{"href":"https:\/\/ciaoup.it\/index.php?rest_route=\/wp\/v2\/posts"}],"about":[{"href":"https:\/\/ciaoup.it\/index.php?rest_route=\/wp\/v2\/types\/post"}],"author":[{"embeddable":true,"href":"https:\/\/ciaoup.it\/index.php?rest_route=\/wp\/v2\/users\/3"}],"replies":[{"embeddable":true,"href":"https:\/\/ciaoup.it\/index.php?rest_route=%2Fwp%2Fv2%2Fcomments&post=57470"}],"version-history":[{"count":1,"href":"https:\/\/ciaoup.it\/index.php?rest_route=\/wp\/v2\/posts\/57470\/revisions"}],"predecessor-version":[{"id":57493,"href":"https:\/\/ciaoup.it\/index.php?rest_route=\/wp\/v2\/posts\/57470\/revisions\/57493"}],"wp:featuredmedia":[{"embeddable":true,"href":"https:\/\/ciaoup.it\/index.php?rest_route=\/wp\/v2\/media\/57471"}],"wp:attachment":[{"href":"https:\/\/ciaoup.it\/index.php?rest_route=%2Fwp%2Fv2%2Fmedia&parent=57470"}],"wp:term":[{"taxonomy":"category","embeddable":true,"href":"https:\/\/ciaoup.it\/index.php?rest_route=%2Fwp%2Fv2%2Fcategories&post=57470"},{"taxonomy":"post_tag","embeddable":true,"href":"https:\/\/ciaoup.it\/index.php?rest_route=%2Fwp%2Fv2%2Ftags&post=57470"}],"curies":[{"name":"wp","href":"https:\/\/api.w.org\/{rel}","templated":true}]}}