{"id":57442,"date":"2026-02-27T21:01:00","date_gmt":"2026-02-27T21:01:00","guid":{"rendered":"https:\/\/ciaoup.it\/?p=57442"},"modified":"2026-02-27T21:01:00","modified_gmt":"2026-02-27T21:01:00","slug":"milano-vola-giu-dalla-finestra-a-scuola-durante-la-ricreazione-ferita-11enne","status":"publish","type":"post","link":"https:\/\/ciaoup.it\/?p=57442","title":{"rendered":"Milano, vola gi\u00f9 dalla finestra a scuola durante la ricreazione: ferita 11enne"},"content":{"rendered":"<p> (Adnkronos) &#8211; Era mattina, all&#8217;ora di ricreazione, quando improvvisamente le urla hanno richiamato l&#8217;attenzione di alunni e docenti dell&#8217;istituto comprensivo P. Thouar e L. Gonzaga, di via Tabacchi a Milano. Una ragazzina di 11 anni, studentessa della scuola secondaria di primo grado Tabacchi, parte dell&#8217;istituto, era precipitata al suolo dopo un volo di almeno una decina di metri.\u00a0<\/p>\n<p>&#8220;Considerando l&#8217;altezza dalla quale \u00e8 volata gi\u00f9 -spiega all&#8217;Adnkronos la dirigente scolastica, Adriana Colloca &#8211; \u00e8 andata bene. E questa \u00e8 l&#8217;unica cosa che mi conforta. Io ero nel mio ufficio, che si trova al piano terra, con i miei collaboratori. S<br \/>\ntavamo parlando quando abbiamo sentito piangere e urlare dal cortile. Per cui sono uscita di corsa e ho trovato la ragazzina a terra. Era vigile e cosciente, per fortuna&#8221;. Tutto \u00e8 successo in pochi istanti: &#8220;Le ho chiesto che cosa fosse successo e lei mi ha detto che era andata in bagno e si era sporta per guardare un punto fuori. Non sono riuscita a capire quale punto volesse guardare, fatto sta che \u00e8 caduta. Tutto sar\u00e0 da verificare perch\u00e9 noi abbiamo dei parapetti molto alti ed \u00e8 difficile capire come siano andate le cose. La finestra \u00e8 all&#8217;interno del bagno, dove c&#8217;\u00e8 il water e l\u00ec nessuno poteva seguirla. Tra l&#8217;altro si era anche chiusa a chiave&#8221;. \u00a0<\/p>\n<p>\nPoco prima dell&#8217;accaduto, sembra che la studentessa avesse detto ad una docente di sostegno di non sentirsi bene, &#8220;tant&#8217;\u00e8 che l&#8217;insegnante l&#8217;aveva seguita per accompagnarla a chiamare casa&#8221;. Del resto, &#8220;non ha mai dato problemi, n\u00e9 dal punto di vista scolastico, n\u00e9 comportamentale&#8221;, assicura la dirigente. \u00a0<\/p>\n<p>\n&#8220;Io non so se sia successo qualcosa o se sia stata una fatalit\u00e0&#8221;, aggiunge la dirigente. In ogni caso, &#8220;subito dopo sono arrivati i soccorritori, che l&#8217;hanno portata al Niguarda, e i carabinieri, intervenuti per raccogliere tutte le informazioni necessarie a ricostruire l&#8217;esatta dinamica&#8221;. \u00a0<\/p>\n<p>La ragazzina ha subito la frattura di tibia, perone e bacino ed \u00e8 stata sottoposta ad intervento chirurgico. &#8220;Nel pomeriggio ho chiamato i genitori, che mi hanno aggiornata sulle sue condizioni di salute&#8221;. Con loro &#8220;abbiamo parlato di ci\u00f2 che \u00e8 successo; non si capacitavano di come potesse essere accaduta una cosa del genere. Io torno a ripetere che alla fine \u00e8 andata bene, cadendo da 15 metri, per quanto mi riguarda \u00e8 un miracolo che sia viva. Anche il medico che l&#8217;ha soccorsa ha detto che \u00e8 stata molto fortunata. Resta il fatto che lo spavento \u00e8 stato tanto&#8221;.\u00a0<\/p>\n<p>\nAnche i compagni di scuola sono rimasti scioccati da quanto accaduto alla loro amica: &#8220;Con i ragazzi gli insegnanti hanno parlato oggi stesso, poco prima dell&#8217;uscita. Li abbiamo rassicurati spiegando che lei ora \u00e8 in ospedale, ma non \u00e8 in pericolo di vita. Poi, luned\u00ec, cercheremo di capire, anche con la psicologa scolastica, se ci saranno altri interventi da programmare. Di certo ne parleremo. Perch\u00e9 i ragazzini fanno i loro pensieri ed \u00e8 giusto che se ne parli&#8221;.\u00a0<\/p>\n<p>&#8212;<\/p>\n<p>cronaca<\/p>\n<p>webinfo@adnkronos.com (Web Info)<\/p>\n<div style=\"display:flex; gap:10px;justify-content:center\" class=\"wps-pgfw-pdf-generate-icon__wrapper-frontend\">\n\t\t<a  href=\"https:\/\/ciaoup.it?action=genpdf&amp;id=57442\" class=\"pgfw-single-pdf-download-button\" ><img src=\"https:\/\/ciaoup.it\/wp-content\/plugins\/pdf-generator-for-wp\/admin\/src\/images\/PDF_Tray.svg\" title=\"Generate PDF\" style=\"width:auto; height:45px;\"><\/a>\n\t\t<\/div>","protected":false},"excerpt":{"rendered":"<p>(Adnkronos) &#8211; Era mattina, all&#8217;ora di ricreazione, quando improvvisamente le urla hanno richiamato l&#8217;attenzione di&hellip;<\/p>\n","protected":false},"author":3,"featured_media":57443,"comment_status":"open","ping_status":"closed","sticky":false,"template":"","format":"standard","meta":{"footnotes":""},"categories":[12],"tags":[3],"class_list":["post-57442","post","type-post","status-publish","format-standard","has-post-thumbnail","hentry","category-comunicati","tag-ultimora"],"_links":{"self":[{"href":"https:\/\/ciaoup.it\/index.php?rest_route=\/wp\/v2\/posts\/57442","targetHints":{"allow":["GET"]}}],"collection":[{"href":"https:\/\/ciaoup.it\/index.php?rest_route=\/wp\/v2\/posts"}],"about":[{"href":"https:\/\/ciaoup.it\/index.php?rest_route=\/wp\/v2\/types\/post"}],"author":[{"embeddable":true,"href":"https:\/\/ciaoup.it\/index.php?rest_route=\/wp\/v2\/users\/3"}],"replies":[{"embeddable":true,"href":"https:\/\/ciaoup.it\/index.php?rest_route=%2Fwp%2Fv2%2Fcomments&post=57442"}],"version-history":[{"count":1,"href":"https:\/\/ciaoup.it\/index.php?rest_route=\/wp\/v2\/posts\/57442\/revisions"}],"predecessor-version":[{"id":57450,"href":"https:\/\/ciaoup.it\/index.php?rest_route=\/wp\/v2\/posts\/57442\/revisions\/57450"}],"wp:featuredmedia":[{"embeddable":true,"href":"https:\/\/ciaoup.it\/index.php?rest_route=\/wp\/v2\/media\/57443"}],"wp:attachment":[{"href":"https:\/\/ciaoup.it\/index.php?rest_route=%2Fwp%2Fv2%2Fmedia&parent=57442"}],"wp:term":[{"taxonomy":"category","embeddable":true,"href":"https:\/\/ciaoup.it\/index.php?rest_route=%2Fwp%2Fv2%2Fcategories&post=57442"},{"taxonomy":"post_tag","embeddable":true,"href":"https:\/\/ciaoup.it\/index.php?rest_route=%2Fwp%2Fv2%2Ftags&post=57442"}],"curies":[{"name":"wp","href":"https:\/\/api.w.org\/{rel}","templated":true}]}}