{"id":28526,"date":"2025-11-16T17:56:24","date_gmt":"2025-11-16T17:56:24","guid":{"rendered":"https:\/\/ciaoup.it\/?p=28526"},"modified":"2025-11-16T17:56:24","modified_gmt":"2025-11-16T17:56:24","slug":"enrica-bonaccorti-e-la-malattia-pensavo-di-morire-subito-ora-torno-a-vivere","status":"publish","type":"post","link":"https:\/\/ciaoup.it\/?p=28526","title":{"rendered":"Enrica Bonaccorti e la malattia: &#8220;Pensavo di morire subito, ora torno a vivere&#8221;"},"content":{"rendered":"<p> (Adnkronos) &#8211;<br \/>\n&#8220;Pensavo sarei morta in pochi mesi e mi sono cancellata. Ora sono tornata a vivere&#8221;. Enrica Bonaccorti a Verissimo, oggi 16 novembre 2025, risponde alle domande di Silvia Toffanin sulla lotta contro la malattia che l&#8217;ha colpita. Bonaccorti, 75 anni, sta affrontando un cancro al pancreas. &#8220;Va molto meglio di quanto pensassi. Ho fatto chemioterapia e radioterapia, per 2 mesi e mezzo non devo fare pi\u00f9 nulla. Poi dovr\u00f2 sottopormi ad una Tac. Avrei voluto fare altro in questo periodo ma non si pu\u00f2&#8221;. Il tumore &#8220;non si \u00e8 ridotto con la chemio ma non si \u00e8 spostato e non ha prodotto metastasi. Al momento non \u00e8 operabile, deve staccarsi dal pancreas. Ho avuto qualche giorno di nausea, ma a parte questo tutto bene. Non ho dolori e sono stupita, perch\u00e9 ho sentito racconti ben diversi&#8221;, dice la conduttrice prima di tornare ai momenti in cui ha appreso della malattia in estate. \u00a0<\/p>\n<p>\u00a0<\/p>\n<p>&#8220;Quando ho fatto gli esami, pensavo che il giorno dopo sarei andata al mare. Invece mi hanno detto che dopo 3 giorni avrei dovuto iniziare la chemioterapia. Non avevo particolari sintomi, a parte una gran fiacca. La diagnosi mi evocava Eleonora Giorgi, a cui ero molto legata. Avevo seguito la sua avventura, pensavo che non sarei stata brava come lei. Dopo la diagnosi pensavo che sarebbe finito tutto in pochi mesi, volevo annullarmi e non volevo far nulla: per 4 mesi sono stata assente a me stessa, sono rimasta in un letargo a occhi aperti&#8221;, racconta.\u00a0<\/p>\n<p>&#8220;Mi sono svegliata grazie alla gente, quando ho deciso di dire come stavano le cose. Mi sentivo di vivere in una bugia: non rispondevo alle amiche, non andavo nelle trasmissioni quando mi invitavano. Io non c&#8217;ero, mi ero cancellata. Non potevo continuare a nascondermi e ho detto come stavano le cose, a quel punto ho ricevuto migliaia di messaggi che mi hanno ridato la voglia di essere al mondo&#8221;, prosegue Enrica Bonaccorti. &#8220;Da voi &#8211; dice rivolgendosi al pubblico &#8211; ho scoperto che ci sono persone che convivono con questa malattia da diversi anni. Mi hanno ridato la voglia di vivere e di esserci&#8221;.\u00a0<\/p>\n<p>&#8212;<\/p>\n<p>spettacoli<\/p>\n<p>webinfo@adnkronos.com (Web Info)<\/p>\n<div style=\"display:flex; gap:10px;justify-content:center\" class=\"wps-pgfw-pdf-generate-icon__wrapper-frontend\">\n\t\t<a  href=\"https:\/\/ciaoup.it?action=genpdf&amp;id=28526\" class=\"pgfw-single-pdf-download-button\" ><img src=\"https:\/\/ciaoup.it\/wp-content\/plugins\/pdf-generator-for-wp\/admin\/src\/images\/PDF_Tray.svg\" title=\"Generate PDF\" style=\"width:auto; height:45px;\"><\/a>\n\t\t<\/div>","protected":false},"excerpt":{"rendered":"<p>(Adnkronos) &#8211; &#8220;Pensavo sarei morta in pochi mesi e mi sono cancellata. Ora sono tornata&hellip;<\/p>\n","protected":false},"author":3,"featured_media":28527,"comment_status":"open","ping_status":"closed","sticky":false,"template":"","format":"standard","meta":{"footnotes":""},"categories":[12],"tags":[3],"class_list":["post-28526","post","type-post","status-publish","format-standard","has-post-thumbnail","hentry","category-comunicati","tag-ultimora"],"_links":{"self":[{"href":"https:\/\/ciaoup.it\/index.php?rest_route=\/wp\/v2\/posts\/28526","targetHints":{"allow":["GET"]}}],"collection":[{"href":"https:\/\/ciaoup.it\/index.php?rest_route=\/wp\/v2\/posts"}],"about":[{"href":"https:\/\/ciaoup.it\/index.php?rest_route=\/wp\/v2\/types\/post"}],"author":[{"embeddable":true,"href":"https:\/\/ciaoup.it\/index.php?rest_route=\/wp\/v2\/users\/3"}],"replies":[{"embeddable":true,"href":"https:\/\/ciaoup.it\/index.php?rest_route=%2Fwp%2Fv2%2Fcomments&post=28526"}],"version-history":[{"count":1,"href":"https:\/\/ciaoup.it\/index.php?rest_route=\/wp\/v2\/posts\/28526\/revisions"}],"predecessor-version":[{"id":28529,"href":"https:\/\/ciaoup.it\/index.php?rest_route=\/wp\/v2\/posts\/28526\/revisions\/28529"}],"wp:featuredmedia":[{"embeddable":true,"href":"https:\/\/ciaoup.it\/index.php?rest_route=\/wp\/v2\/media\/28527"}],"wp:attachment":[{"href":"https:\/\/ciaoup.it\/index.php?rest_route=%2Fwp%2Fv2%2Fmedia&parent=28526"}],"wp:term":[{"taxonomy":"category","embeddable":true,"href":"https:\/\/ciaoup.it\/index.php?rest_route=%2Fwp%2Fv2%2Fcategories&post=28526"},{"taxonomy":"post_tag","embeddable":true,"href":"https:\/\/ciaoup.it\/index.php?rest_route=%2Fwp%2Fv2%2Ftags&post=28526"}],"curies":[{"name":"wp","href":"https:\/\/api.w.org\/{rel}","templated":true}]}}