{"id":28520,"date":"2025-11-16T16:53:09","date_gmt":"2025-11-16T16:53:09","guid":{"rendered":"https:\/\/ciaoup.it\/?p=28520"},"modified":"2025-11-16T16:53:09","modified_gmt":"2025-11-16T16:53:09","slug":"domenica-in-giovanni-allevi-e-la-malattia-il-corpo-soffre-lanima-brilla","status":"publish","type":"post","link":"https:\/\/ciaoup.it\/?p=28520","title":{"rendered":"Domenica In, Giovanni Allevi e la malattia: &#8220;Il corpo soffre, l&#8217;anima brilla&#8221;"},"content":{"rendered":"<p> (Adnkronos) &#8211; &#8220;Il corpo \u00e8 sofferente, tra mal di schiena e tremore. Ma la mia anima \u00e8 sfavillante e sono felicissimo di essere qui&#8221;. Giovanni Allevi risponde cos\u00ec a Mara Venier nell&#8217;intervista oggi nella puntata di Domenica In. Il compositore, 56 anni, da oltre 3 anni combatte contro un mieloma multiplo. &#8220;Stavo facendo un concerto a Vienna, sentivo un dolore terribile. La diagnosi \u00e8 stata tumore midollo osseo, mieloma multiplo ad uno stadio avanzato&#8221;, dice.\u00a0<\/p>\n<p>&#8220;Io mi sento cambiato da questa malattia. Pu\u00f2 sembrare assurdo quello che dico, considero il dolore il mio grande maestro e non una punizione. Mi ha insegnato a vivere il presente, il mio futuro non pu\u00f2 spingersi troppo in l\u00e0 secondo le statistiche: ma io non credo alle statistiche. Il mio domani diventa un presente allargato, che io voglio vivere il pi\u00f9 intensamente possibile. Ogni alba \u00e8 una promessa, ogni tramonto \u00e8 un arrivederci&#8221;, dice Allevi.\u00a0<\/p>\n<p>&#8220;Da dove viene la mia forza? Dalla stanza dell&#8217;accettazione dell&#8217;Istituto dei tumori di Milano. Io l\u00ec incontro i guerrieri, gli altri pazienti: eroi gentili che devono combattere. Quando una persona mantiene il sorriso attraverso il dolore e il sorriso, diventa un&#8217;anima che vibra a frequenze superiori&#8221;, dice ancora. &#8220;Sono anime sfavillanti e splendenti, esempi di vita autentica da cui io ricevo la forza&#8221;, aggiunge.\u00a0<\/p>\n<p>Domani esce il film &#8216;Back to life&#8217;, il film documentario del maestro. Anche l&#8217;opera \u00e8 collegata alla malattia. &#8220;Quando \u00e8 arrivata la diagnosi, non mi sono domandato se sarei sopravvissuto, mi sono chiesto a quali note corrispondessero le lettere della parola &#8216;mieloma&#8217;: do, la bemolle, re, si, re, re, do, do&#8230; che melodia bella&#8230; Dal primo giorno di ricovero mi sono dato l&#8217;obiettivo di comporre un&#8217;opera musicale dedicata alla mia malattia, con l&#8217;inizio proprio con quelle 7 note&#8221;, dice Allevi. &#8220;Ho scritto un concerto per violoncello e orchestra, MM22: Mieloma Multiplo 2022, un diario musicale in cui racconto le emozioni dei mesi passati tra la vita e la morte&#8221;: e quel diario \u00e8 il fulcro del film.\u00a0<\/p>\n<p>&#8212;<\/p>\n<p>spettacoli<\/p>\n<p>webinfo@adnkronos.com (Web Info)<\/p>\n<div style=\"display:flex; gap:10px;justify-content:center\" class=\"wps-pgfw-pdf-generate-icon__wrapper-frontend\">\n\t\t<a  href=\"https:\/\/ciaoup.it?action=genpdf&amp;id=28520\" class=\"pgfw-single-pdf-download-button\" ><img src=\"https:\/\/ciaoup.it\/wp-content\/plugins\/pdf-generator-for-wp\/admin\/src\/images\/PDF_Tray.svg\" title=\"Generate PDF\" style=\"width:auto; height:45px;\"><\/a>\n\t\t<\/div>","protected":false},"excerpt":{"rendered":"<p>(Adnkronos) &#8211; &#8220;Il corpo \u00e8 sofferente, tra mal di schiena e tremore. Ma la mia&hellip;<\/p>\n","protected":false},"author":3,"featured_media":28521,"comment_status":"open","ping_status":"closed","sticky":false,"template":"","format":"standard","meta":{"footnotes":""},"categories":[12],"tags":[3],"class_list":["post-28520","post","type-post","status-publish","format-standard","has-post-thumbnail","hentry","category-comunicati","tag-ultimora"],"_links":{"self":[{"href":"https:\/\/ciaoup.it\/index.php?rest_route=\/wp\/v2\/posts\/28520","targetHints":{"allow":["GET"]}}],"collection":[{"href":"https:\/\/ciaoup.it\/index.php?rest_route=\/wp\/v2\/posts"}],"about":[{"href":"https:\/\/ciaoup.it\/index.php?rest_route=\/wp\/v2\/types\/post"}],"author":[{"embeddable":true,"href":"https:\/\/ciaoup.it\/index.php?rest_route=\/wp\/v2\/users\/3"}],"replies":[{"embeddable":true,"href":"https:\/\/ciaoup.it\/index.php?rest_route=%2Fwp%2Fv2%2Fcomments&post=28520"}],"version-history":[{"count":1,"href":"https:\/\/ciaoup.it\/index.php?rest_route=\/wp\/v2\/posts\/28520\/revisions"}],"predecessor-version":[{"id":28524,"href":"https:\/\/ciaoup.it\/index.php?rest_route=\/wp\/v2\/posts\/28520\/revisions\/28524"}],"wp:featuredmedia":[{"embeddable":true,"href":"https:\/\/ciaoup.it\/index.php?rest_route=\/wp\/v2\/media\/28521"}],"wp:attachment":[{"href":"https:\/\/ciaoup.it\/index.php?rest_route=%2Fwp%2Fv2%2Fmedia&parent=28520"}],"wp:term":[{"taxonomy":"category","embeddable":true,"href":"https:\/\/ciaoup.it\/index.php?rest_route=%2Fwp%2Fv2%2Fcategories&post=28520"},{"taxonomy":"post_tag","embeddable":true,"href":"https:\/\/ciaoup.it\/index.php?rest_route=%2Fwp%2Fv2%2Ftags&post=28520"}],"curies":[{"name":"wp","href":"https:\/\/api.w.org\/{rel}","templated":true}]}}