{"id":28511,"date":"2025-11-16T15:19:00","date_gmt":"2025-11-16T15:19:00","guid":{"rendered":"https:\/\/ciaoup.it\/?p=28511"},"modified":"2025-11-16T15:19:00","modified_gmt":"2025-11-16T15:19:00","slug":"mattarella-guerra-di-aggressione-e-un-crimine","status":"publish","type":"post","link":"https:\/\/ciaoup.it\/?p=28511","title":{"rendered":"Mattarella: &#8220;Guerra di aggressione \u00e8 un crimine&#8221;"},"content":{"rendered":"<p> (Adnkronos) &#8211; &#8220;La guerra di aggressione \u00e8 un crimine&#8221;. Cos\u00ec il presidente della Repubblica, Sergio Mattarella, in visita a Berlino, nel suo discorso al Bundestag in occasione della cerimonia della &#8216;Giornata del lutto nazionale&#8217;, a 80 anni dalla fine della Seconda guerra mondiale. &#8220;Oggi \u00e8 per me motivo di grande onore essere qui e prendere parte alla Giornata del lutto nazionale tedesco. I morti che qui ricordiamo, i morti nel mondo a causa della violenza dei conflitti riguardano ciascuno di noi, se intendiamo essere considerati essere umani&#8221;. \u00a0<\/p>\n<p>Per il capo dello Stato &#8220;la memoria delle atrocit\u00e0 dell&#8217;uomo nel passato e dolore profondo per quelle presenti ci obbligano a un esercizio di consapevolezza. La pace non \u00e8 un traguardo definitivo bens\u00ec il frutto di uno sforzo incessante, fondato sul raggiungimento di valori condivisi e sul riconoscimento della inviolabilit\u00e0 della vita umana di ogni persone, ovunque. Da sempre la guerra ambisce a proiettare la sua ombra cupa sull&#8217;umanit\u00e0&#8221;.\u00a0<\/p>\n<p>&#8220;La vita delle persone, dei popoli, delle Nazioni \u00e8 colma di inciampi e di tragedie, talvolta per scelte individuali, pi\u00f9 spesso per deliberato operare degli altri. La Prima guerra mondiale lasci\u00f2 sul terreno almeno 16 milioni di morti, la met\u00e0 dei quali civili, oltre a venti milioni di feriti e mutilati. La Seconda guerra mondiale, estesa al fronte del Pacifico, si calcola che abbia visto settanta milioni di morti. Le vittime, Paese per Paese, sono impressionanti e va sempre ricordato che non di numeri si tratta, ma di persone. Come \u00e8 possibile che tutto questo sia potuto accadere e pretenda di ripresentarsi? Quanti morti occorreranno ancora prima che si cessi di guardare alla guerra come strumento per risolvere le controversie tra gli Stati? Che se ne faccia uso per l&#8217;arbitrio di voler dominare altri popoli?&#8221;, ha sottolineato Mattarella. \u00a0<\/p>\n<p>&#8220;Nie wieder, mai pi\u00f9, \u00e8 l&#8217;espressione adottata nella comunit\u00e0 internazionale per condannare l&#8217;Olocausto ebraico -ha ricordato il Capo dello Stato- A nie wieder si contrappone wieder, di nuovo. A questo assistiamo: di nuovo guerra, di nuovo razzismo, di nuovo grandi diseguaglianze, di nuovo violenza, di nuovo aggressione&#8221;. \u00a0<\/p>\n<p>&#8212;<\/p>\n<p>politica<\/p>\n<p>webinfo@adnkronos.com (Web Info)<\/p>\n<div style=\"display:flex; gap:10px;justify-content:center\" class=\"wps-pgfw-pdf-generate-icon__wrapper-frontend\">\n\t\t<a  href=\"https:\/\/ciaoup.it?action=genpdf&amp;id=28511\" class=\"pgfw-single-pdf-download-button\" ><img src=\"https:\/\/ciaoup.it\/wp-content\/plugins\/pdf-generator-for-wp\/admin\/src\/images\/PDF_Tray.svg\" title=\"Generate PDF\" style=\"width:auto; height:45px;\"><\/a>\n\t\t<\/div>","protected":false},"excerpt":{"rendered":"<p>(Adnkronos) &#8211; &#8220;La guerra di aggressione \u00e8 un crimine&#8221;. Cos\u00ec il presidente della Repubblica, Sergio&hellip;<\/p>\n","protected":false},"author":3,"featured_media":28512,"comment_status":"open","ping_status":"closed","sticky":false,"template":"","format":"standard","meta":{"footnotes":""},"categories":[12],"tags":[3],"class_list":["post-28511","post","type-post","status-publish","format-standard","has-post-thumbnail","hentry","category-comunicati","tag-ultimora"],"_links":{"self":[{"href":"https:\/\/ciaoup.it\/index.php?rest_route=\/wp\/v2\/posts\/28511","targetHints":{"allow":["GET"]}}],"collection":[{"href":"https:\/\/ciaoup.it\/index.php?rest_route=\/wp\/v2\/posts"}],"about":[{"href":"https:\/\/ciaoup.it\/index.php?rest_route=\/wp\/v2\/types\/post"}],"author":[{"embeddable":true,"href":"https:\/\/ciaoup.it\/index.php?rest_route=\/wp\/v2\/users\/3"}],"replies":[{"embeddable":true,"href":"https:\/\/ciaoup.it\/index.php?rest_route=%2Fwp%2Fv2%2Fcomments&post=28511"}],"version-history":[{"count":1,"href":"https:\/\/ciaoup.it\/index.php?rest_route=\/wp\/v2\/posts\/28511\/revisions"}],"predecessor-version":[{"id":28516,"href":"https:\/\/ciaoup.it\/index.php?rest_route=\/wp\/v2\/posts\/28511\/revisions\/28516"}],"wp:featuredmedia":[{"embeddable":true,"href":"https:\/\/ciaoup.it\/index.php?rest_route=\/wp\/v2\/media\/28512"}],"wp:attachment":[{"href":"https:\/\/ciaoup.it\/index.php?rest_route=%2Fwp%2Fv2%2Fmedia&parent=28511"}],"wp:term":[{"taxonomy":"category","embeddable":true,"href":"https:\/\/ciaoup.it\/index.php?rest_route=%2Fwp%2Fv2%2Fcategories&post=28511"},{"taxonomy":"post_tag","embeddable":true,"href":"https:\/\/ciaoup.it\/index.php?rest_route=%2Fwp%2Fv2%2Ftags&post=28511"}],"curies":[{"name":"wp","href":"https:\/\/api.w.org\/{rel}","templated":true}]}}