{"id":28484,"date":"2025-11-16T12:59:20","date_gmt":"2025-11-16T12:59:20","guid":{"rendered":"https:\/\/ciaoup.it\/?p=28484"},"modified":"2025-11-16T12:59:20","modified_gmt":"2025-11-16T12:59:20","slug":"papa-a-tavola-coi-poveri-appello-ai-governi-ascoltate-il-loro-grido","status":"publish","type":"post","link":"https:\/\/ciaoup.it\/?p=28484","title":{"rendered":"Papa a tavola coi poveri, appello ai governi: &#8220;Ascoltate il loro grido&#8221;"},"content":{"rendered":"<p> (Adnkronos) &#8211; Papa Leone, mantenendo viva una tradizione inaugurata dal predecessore, papa Francesco, pranza con poveri e trans in Aula Paolo VI.  Nel men\u00f9 del pranzo, al quale prendono parte 1300 senza tetto, lasagne vegetali, cotoletta con contorno di verdure e bab\u00e0. Ad allietare il momento conviviale, la musica della piccola orchestra di Forcella che accompagner\u00e0 il pranzo con il motivo \u2018Torna a canta\u2019\u2019.\u00a0<\/p>\n<p>\u00a0<\/p>\n<p>\u201cQuante povert\u00e0 opprimono il nostro mondo! Sono anzitutto povert\u00e0 materiali, ma vi sono anche tante situazioni morali e spirituali, che spesso riguardano soprattutto i pi\u00f9 giovani. E il dramma che in modo trasversale le attraversa tutte \u00e8 la solitudine\u201d, il grido di dolore del Papa nella messa celebrata in occasione del Giubileo dei poveri che coincide con la Giornata mondiale a loro dedicata. \u201cEssa &#8211; osserva &#8211; ci sfida a guardare alla povert\u00e0 in modo integrale, perch\u00e9 certamente occorre a volte rispondere ai bisogni urgenti, ma pi\u00f9 in generale \u00e8 una cultura dell\u2019attenzione quella che dobbiamo sviluppare, proprio per rompere il muro della solitudine. Perci\u00f2 vogliamo essere attenti all\u2019altro, a ciascuno, l\u00ec dove siamo, l\u00ec dove viviamo, trasmettendo questo atteggiamento gi\u00e0 in famiglia, per viverlo concretamente nei luoghi di lavoro e di studio, nelle diverse comunit\u00e0, nel mondo digitale, dovunque, spingendoci fino ai margini e diventando testimoni della tenerezza di Dio\u201d.\u00a0<\/p>\n<p>\u201cLa povert\u00e0 interpella i cristiani, ma interpella anche tutti coloro che nella societ\u00e0 hanno ruoli di responsabilit\u00e0. Esorto perci\u00f2 i Capi degli Stati e i Responsabili delle Nazioni ad ascoltare il grido dei pi\u00f9 poveri\u201d, \u00e8 stato l\u2019appello del Pontefice. \u201cNon ci potr\u00e0 essere pace senza giustizia &#8211; ribadisce Leone &#8211; e i poveri ce lo ricordano in tanti modi, con il loro migrare come pure con il loro grido tante volte soffocato dal mito del benessere e del progresso che non tiene conto di tutti, e anzi dimentica molte creature lasciandole al loro destino\u201d. \u00a0<\/p>\n<p>\u201cOggi, &#8211; osserva &#8211; soprattutto gli scenari di guerra, presenti purtroppo in diverse regioni nel mondo, sembrano confermarci in uno stato di impotenza. Ma la globalizzazione dell\u2019impotenza nasce da una menzogna, dal credere che questa storia \u00e8 sempre andata cos\u00ec e non potr\u00e0 cambiare. Il Vangelo, invece, ci dice che proprio negli sconvolgimenti della storia il Signore viene a salvarci. E noi, comunit\u00e0 cristiana, dobbiamo essere oggi, in mezzo ai poveri, segno vivo di questa salvezza\u201d. \u00a0<\/p>\n<p>Il Pontefice si rivolge anche ai volontari: \u201cAgli operatori della carit\u00e0, ai tanti volontari, a quanti si occupano di alleviare le condizioni dei pi\u00f9 poveri esprimo la mia gratitudine, e nel contempo il mio incoraggiamento ad essere sempre pi\u00f9 coscienza critica nella societ\u00e0. Voi sapete bene che la questione dei poveri riconduce all\u2019essenziale della nostra fede, che per noi essi sono la stessa carne di Cristo e non solo una categoria sociologica. Impegniamoci tutti\u201d.\u00a0<\/p>\n<p>\u00a0<\/p>\n<p>&#8212;<\/p>\n<p>cronaca<\/p>\n<p>webinfo@adnkronos.com (Web Info)<\/p>\n<div style=\"display:flex; gap:10px;justify-content:center\" class=\"wps-pgfw-pdf-generate-icon__wrapper-frontend\">\n\t\t<a  href=\"https:\/\/ciaoup.it?action=genpdf&amp;id=28484\" class=\"pgfw-single-pdf-download-button\" ><img src=\"https:\/\/ciaoup.it\/wp-content\/plugins\/pdf-generator-for-wp\/admin\/src\/images\/PDF_Tray.svg\" title=\"Generate PDF\" style=\"width:auto; height:45px;\"><\/a>\n\t\t<\/div>","protected":false},"excerpt":{"rendered":"<p>(Adnkronos) &#8211; Papa Leone, mantenendo viva una tradizione inaugurata dal predecessore, papa Francesco, pranza con&hellip;<\/p>\n","protected":false},"author":3,"featured_media":28485,"comment_status":"open","ping_status":"closed","sticky":false,"template":"","format":"standard","meta":{"footnotes":""},"categories":[12],"tags":[3],"class_list":["post-28484","post","type-post","status-publish","format-standard","has-post-thumbnail","hentry","category-comunicati","tag-ultimora"],"_links":{"self":[{"href":"https:\/\/ciaoup.it\/index.php?rest_route=\/wp\/v2\/posts\/28484","targetHints":{"allow":["GET"]}}],"collection":[{"href":"https:\/\/ciaoup.it\/index.php?rest_route=\/wp\/v2\/posts"}],"about":[{"href":"https:\/\/ciaoup.it\/index.php?rest_route=\/wp\/v2\/types\/post"}],"author":[{"embeddable":true,"href":"https:\/\/ciaoup.it\/index.php?rest_route=\/wp\/v2\/users\/3"}],"replies":[{"embeddable":true,"href":"https:\/\/ciaoup.it\/index.php?rest_route=%2Fwp%2Fv2%2Fcomments&post=28484"}],"version-history":[{"count":1,"href":"https:\/\/ciaoup.it\/index.php?rest_route=\/wp\/v2\/posts\/28484\/revisions"}],"predecessor-version":[{"id":28493,"href":"https:\/\/ciaoup.it\/index.php?rest_route=\/wp\/v2\/posts\/28484\/revisions\/28493"}],"wp:featuredmedia":[{"embeddable":true,"href":"https:\/\/ciaoup.it\/index.php?rest_route=\/wp\/v2\/media\/28485"}],"wp:attachment":[{"href":"https:\/\/ciaoup.it\/index.php?rest_route=%2Fwp%2Fv2%2Fmedia&parent=28484"}],"wp:term":[{"taxonomy":"category","embeddable":true,"href":"https:\/\/ciaoup.it\/index.php?rest_route=%2Fwp%2Fv2%2Fcategories&post=28484"},{"taxonomy":"post_tag","embeddable":true,"href":"https:\/\/ciaoup.it\/index.php?rest_route=%2Fwp%2Fv2%2Ftags&post=28484"}],"curies":[{"name":"wp","href":"https:\/\/api.w.org\/{rel}","templated":true}]}}