{"id":28466,"date":"2025-11-16T12:01:48","date_gmt":"2025-11-16T12:01:48","guid":{"rendered":"https:\/\/ciaoup.it\/?p=28466"},"modified":"2025-11-16T12:01:48","modified_gmt":"2025-11-16T12:01:48","slug":"israele-non-ci-sara-uno-stato-palestinese-idf-controllera-aree-strategiche","status":"publish","type":"post","link":"https:\/\/ciaoup.it\/?p=28466","title":{"rendered":"Israele: &#8220;Non ci sar\u00e0 uno stato palestinese, Idf controller\u00e0 aree strategiche&#8221;"},"content":{"rendered":"<p> (Adnkronos) &#8211; &#8220;Israele non accetter\u00e0 la creazione di uno stato del terrore palestinese nel cuore della terra di Israele, a una distanza infinitesimale dai suoi centri abitati&#8221;. E&#8217; quanto ha scritto su X il ministro degli Esteri israeliano, Gideon Sa&#8217;ar, alla vigilia dell&#8217;atteso voto al Consiglio di Sicurezza delle Nazioni Unite su una risoluzione sul piano di Donald Trump per la Striscia di Gaza.\u00a0<\/p>\n<p>&#8220;La politica di Israele \u00e8 chiara: non ci sar\u00e0 uno stato palestinese&#8221;, ha insistito via X anche il ministro della Difesa, Israel Katz, aggiungendo che le forze israeliane (Idf) resteranno nelle zone considerate strategiche. &#8220;Le Idf resteranno sul Monte Hermon e nella &#8216;zona di sicurezza&#8217;&#8221;, ha aggiunto, ripetendo che &#8220;Gaza sar\u00e0 smilitarizzata fino all&#8217;ultimo tunnel&#8221; e insistendo sul disarmo di Hamas. \u00a0<\/p>\n<p>&#8212;<\/p>\n<p>internazionale\/esteri<\/p>\n<p>webinfo@adnkronos.com (Web Info)<\/p>\n<div style=\"display:flex; gap:10px;justify-content:center\" class=\"wps-pgfw-pdf-generate-icon__wrapper-frontend\">\n\t\t<a  href=\"https:\/\/ciaoup.it?action=genpdf&amp;id=28466\" class=\"pgfw-single-pdf-download-button\" ><img src=\"https:\/\/ciaoup.it\/wp-content\/plugins\/pdf-generator-for-wp\/admin\/src\/images\/PDF_Tray.svg\" title=\"Generate PDF\" style=\"width:auto; height:45px;\"><\/a>\n\t\t<\/div>","protected":false},"excerpt":{"rendered":"<p>(Adnkronos) &#8211; &#8220;Israele non accetter\u00e0 la creazione di uno stato del terrore palestinese nel cuore&hellip;<\/p>\n","protected":false},"author":3,"featured_media":28467,"comment_status":"open","ping_status":"closed","sticky":false,"template":"","format":"standard","meta":{"footnotes":""},"categories":[12],"tags":[3],"class_list":["post-28466","post","type-post","status-publish","format-standard","has-post-thumbnail","hentry","category-comunicati","tag-ultimora"],"_links":{"self":[{"href":"https:\/\/ciaoup.it\/index.php?rest_route=\/wp\/v2\/posts\/28466","targetHints":{"allow":["GET"]}}],"collection":[{"href":"https:\/\/ciaoup.it\/index.php?rest_route=\/wp\/v2\/posts"}],"about":[{"href":"https:\/\/ciaoup.it\/index.php?rest_route=\/wp\/v2\/types\/post"}],"author":[{"embeddable":true,"href":"https:\/\/ciaoup.it\/index.php?rest_route=\/wp\/v2\/users\/3"}],"replies":[{"embeddable":true,"href":"https:\/\/ciaoup.it\/index.php?rest_route=%2Fwp%2Fv2%2Fcomments&post=28466"}],"version-history":[{"count":1,"href":"https:\/\/ciaoup.it\/index.php?rest_route=\/wp\/v2\/posts\/28466\/revisions"}],"predecessor-version":[{"id":28478,"href":"https:\/\/ciaoup.it\/index.php?rest_route=\/wp\/v2\/posts\/28466\/revisions\/28478"}],"wp:featuredmedia":[{"embeddable":true,"href":"https:\/\/ciaoup.it\/index.php?rest_route=\/wp\/v2\/media\/28467"}],"wp:attachment":[{"href":"https:\/\/ciaoup.it\/index.php?rest_route=%2Fwp%2Fv2%2Fmedia&parent=28466"}],"wp:term":[{"taxonomy":"category","embeddable":true,"href":"https:\/\/ciaoup.it\/index.php?rest_route=%2Fwp%2Fv2%2Fcategories&post=28466"},{"taxonomy":"post_tag","embeddable":true,"href":"https:\/\/ciaoup.it\/index.php?rest_route=%2Fwp%2Fv2%2Ftags&post=28466"}],"curies":[{"name":"wp","href":"https:\/\/api.w.org\/{rel}","templated":true}]}}