{"id":28447,"date":"2025-11-16T11:12:38","date_gmt":"2025-11-16T11:12:38","guid":{"rendered":"https:\/\/ciaoup.it\/?p=28447"},"modified":"2025-11-16T11:12:38","modified_gmt":"2025-11-16T11:12:38","slug":"per-la-29a-giornata-nazionale-della-colletta-alimentare-5-donazioni-rispetto-al-2024","status":"publish","type":"post","link":"https:\/\/ciaoup.it\/?p=28447","title":{"rendered":"Per la 29\u00aa giornata nazionale della Colletta Alimentare, +5% donazioni rispetto al 2024"},"content":{"rendered":"<p> (Adnkronos) &#8211; \u201cSe cresce la povert\u00e0 deve crescere anche la solidariet\u00e0, la Colletta Alimentare \u00e8 un piccolo gesto che risponde a una domanda importante di come arrivare a fine mese: \u00e8 un gesto di grande fiducia oltre che una risposta concreta\u201d. Lo ha dichiarato il cardinale Matteo Zuppi, presidente della Cei, dopo aver partecipato all\u2019iniziativa. In un contesto sociale segnato da individualismo e indifferenza, la partecipazione di 155 mila volontari e di oltre 5 milioni di donatori rappresenta un segnale forte: cittadini di ogni et\u00e0 e provenienza hanno dedicato tempo, cura e attenzione, per quegli &#8216;invisibili&#8217; che spesso non trovano voce. Un gesto semplice, una confezione di riso, una scatoletta di tonno, una bottiglia di passata di pomodoro, che alimenta speranza, come auspicato da Papa Leone XIV domenica scorsa: &#8220;Mentre le cause strutturali della povert\u00e0 vanno affrontate e rimosse, tutti siamo chiamati a creare segni di speranza&#8221;.\u00a0<\/p>\n<p>\u00c8 questo, in fondo, il valore della colletta: un Paese che sceglie di non voltarsi dall\u2019altra parte e, nonostante l\u2019aumento del costo della vita, dona quanto pu\u00f2. Un vero e proprio spettacolo della carit\u00e0, il segno di una coscienza di popolo ancora viva, come dimostra anche la partecipazione del presidente della Repubblica Sergio Mattarella, primo anche quest\u2019anno ad aderire personalmente a questo gesto. Dalla Presidenza della Repubblica, la Colletta Alimentare, ha ricevuto anche l\u2019Alto Patronato. Secondo il rapporto Istat sul Bes diffuso due giorni fa, nel 2024 in Italia la percezione del rischio di cadere in povert\u00e0 \u00e8 al 18,9% rispetto a una media Europea del 16,2%. La giornata nazionale della Colletta Alimentare dice anche qualcosa di importante sul bisogno, profondo e condiviso, di costruire relazioni vere e capaci di rispondere ai molteplici volti della povert\u00e0, primo fra tutti la solitudine. \u00a0<\/p>\n<p>Grazie a 8.300 tonnellate di prodotti donati nei supermercati di tutta Italia, Banco Alimentare potr\u00e0 sostenere nei prossimi mesi 1 milione e 800 mila persone bisognose attraverso 7.600 enti caritativi convenzionati. L\u2019 attivit\u00e0 di Banco Alimentare, operativo tutto l\u2019anno nella lotta allo spreco e sul valore del cibo come risorsa, vuole essere sempre pi\u00f9 uno strumento di inclusione, di relazione e di costruzione di comunit\u00e0 pi\u00f9 resilienti, dove nessuno resti ai margini.La Colletta Alimentare continua online fino al 1\u00b0 dicembre su alcune piattaforme dedicate: per conoscere le modalit\u00e0 di acquisto dei prodotti \u00e8 possibile consultare il sito bancoalimentare.it. La Colletta Alimentare, gesto con il quale la Fondazione Banco Alimentare Ets aderisce alla Giornata Mondiale dei Poveri 2025 indetta da Papa Leone XIV, ha ricevuto il patrocinio e il sostegno del Comitato Nazionale per la celebrazione dell\u2019VIII centenario della morte di San Francesco di Assisi ed \u00e8 resa possibile dalla collaborazione con la Federazione Nazionale Italiana Societ\u00e0 di San Vincenzo De Paoli ODV, la Compagnia delle Opere &#8211; Opere Sociali Ets, l\u2019Esercito, l\u2019Aeronautica Militare, l\u2019Associazione Nazionale Alpini, l\u2019Associazione Nazionale Bersaglieri, il Lions International Multidistretto 108 Italy e la European Food Banks Federation.\u00a0<\/p>\n<p>&#8212;<\/p>\n<p>economia<\/p>\n<p>webinfo@adnkronos.com (Web Info)<\/p>\n<div style=\"display:flex; gap:10px;justify-content:center\" class=\"wps-pgfw-pdf-generate-icon__wrapper-frontend\">\n\t\t<a  href=\"https:\/\/ciaoup.it?action=genpdf&amp;id=28447\" class=\"pgfw-single-pdf-download-button\" ><img src=\"https:\/\/ciaoup.it\/wp-content\/plugins\/pdf-generator-for-wp\/admin\/src\/images\/PDF_Tray.svg\" title=\"Generate PDF\" style=\"width:auto; height:45px;\"><\/a>\n\t\t<\/div>","protected":false},"excerpt":{"rendered":"<p>(Adnkronos) &#8211; \u201cSe cresce la povert\u00e0 deve crescere anche la solidariet\u00e0, la Colletta Alimentare \u00e8&hellip;<\/p>\n","protected":false},"author":3,"featured_media":28448,"comment_status":"open","ping_status":"closed","sticky":false,"template":"","format":"standard","meta":{"footnotes":""},"categories":[12],"tags":[3],"class_list":["post-28447","post","type-post","status-publish","format-standard","has-post-thumbnail","hentry","category-comunicati","tag-ultimora"],"_links":{"self":[{"href":"https:\/\/ciaoup.it\/index.php?rest_route=\/wp\/v2\/posts\/28447","targetHints":{"allow":["GET"]}}],"collection":[{"href":"https:\/\/ciaoup.it\/index.php?rest_route=\/wp\/v2\/posts"}],"about":[{"href":"https:\/\/ciaoup.it\/index.php?rest_route=\/wp\/v2\/types\/post"}],"author":[{"embeddable":true,"href":"https:\/\/ciaoup.it\/index.php?rest_route=\/wp\/v2\/users\/3"}],"replies":[{"embeddable":true,"href":"https:\/\/ciaoup.it\/index.php?rest_route=%2Fwp%2Fv2%2Fcomments&post=28447"}],"version-history":[{"count":1,"href":"https:\/\/ciaoup.it\/index.php?rest_route=\/wp\/v2\/posts\/28447\/revisions"}],"predecessor-version":[{"id":28463,"href":"https:\/\/ciaoup.it\/index.php?rest_route=\/wp\/v2\/posts\/28447\/revisions\/28463"}],"wp:featuredmedia":[{"embeddable":true,"href":"https:\/\/ciaoup.it\/index.php?rest_route=\/wp\/v2\/media\/28448"}],"wp:attachment":[{"href":"https:\/\/ciaoup.it\/index.php?rest_route=%2Fwp%2Fv2%2Fmedia&parent=28447"}],"wp:term":[{"taxonomy":"category","embeddable":true,"href":"https:\/\/ciaoup.it\/index.php?rest_route=%2Fwp%2Fv2%2Fcategories&post=28447"},{"taxonomy":"post_tag","embeddable":true,"href":"https:\/\/ciaoup.it\/index.php?rest_route=%2Fwp%2Fv2%2Ftags&post=28447"}],"curies":[{"name":"wp","href":"https:\/\/api.w.org\/{rel}","templated":true}]}}