{"id":28440,"date":"2025-11-16T10:38:50","date_gmt":"2025-11-16T10:38:50","guid":{"rendered":"https:\/\/ciaoup.it\/?p=28440"},"modified":"2025-11-16T10:38:50","modified_gmt":"2025-11-16T10:38:50","slug":"meteo-si-apre-la-porta-atlantica-in-arrivo-nubifragi-e-rischio-eventi-estremi","status":"publish","type":"post","link":"https:\/\/ciaoup.it\/?p=28440","title":{"rendered":"Meteo, si apre la &#8216;porta Atlantica&#8217;: in arrivo nubifragi e rischio eventi estremi"},"content":{"rendered":"<p> (Adnkronos) &#8211; Una serie di impulsi instabili daranno il via ad una fase decisamente dinamica con il rischio di eventi meteo estremi a causa delle temperature ancora fin troppo elevate dei nostri mari. \u00a0<\/p>\n<p>Mattia Gussoni, meteorologo de iLMeteo.it, conferma il deciso peggioramento delle condizioni del tempo, preludio a una fase decisamente burrascosa. Nel linguaggio meteorologico, l\u2019espressione &#8216;si apre la porta atlantica&#8217; indica un cambiamento della circolazione atmosferica che permette alle perturbazioni provenienti dall\u2019Oceano Atlantico di raggiungere facilmente l\u2019Europa e il Mediterraneo. In pratica, il flusso occidentale, normalmente ostacolato da anticicloni pi\u00f9 stabili, si intensifica e scorre senza barriere, trasportando aria pi\u00f9 umida e instabile. Quando la porta atlantica si &#8216;apre&#8217;, aumenta dunque la probabilit\u00e0 di piogge diffuse e venti pi\u00f9 sostenuti su molte delle nostre regioni. \u00a0<\/p>\n<p>Gi\u00e0 nel corso di oggi, domenica 16 novembre, ci aspettiamo l&#8217;ingresso delle prime correnti instabili atlantiche che innescheranno la formazione di un ciclone che si intensificher\u00e0 grazie alle temperature ancora fin troppo alte delle acque del bacino del Mediterraneo (circa 2\/3\u00b0C oltre le medie del periodo). Il calore in eccesso si traduce infatti in un surplus di energia potenziale in gioco (a causa della maggiore evaporazione) e per questo motivo non va trascurato il rischio di eventi meteo estremi. Sulla Liguria sono previste cumulate di pioggia localmente fino a 150 mm in pochissimo tempo sulle province di Genova e Imperia. Con il passare delle ore il fronte instabile si muover\u00e0 verso oriente portando precipitazioni abbondanti, anche sotto forma di nubifragio, pure su Toscana e Friuli Venezia Giulia. Piogge battenti sono previste anche sulle altre regioni del Nord con nevicate oltre i 1800\/1900 metri di quota.\u00a0<\/p>\n<p>E non \u00e8 finita qui perch\u00e9 pure in avvio della prossima settimana la &#8216;porta Atlantica&#8217; rimarr\u00e0 ben spalancata permettendo il transito di altre perturbazioni. Tra le giornate di luned\u00ec 17 e marted\u00ec 18 novembre \u00e8 previsto il passaggio di un insidioso vortice mediterraneo sospinto dalle umide correnti oceaniche. Fuori gli ombrelli dunque perch\u00e9 piover\u00e0 ancora tanto specie sul Triveneto e su buona parte delle regioni del Centro Sud e sulle due Isole Maggiori. Da mercoled\u00ec 19 infine ci aspettiamo un deciso calo delle temperature sulle regioni settentrionali a causa dell\u2019ingresso di aria via via pi\u00f9 fredda dal Nord Europa.\u00a0<\/p>\n<p>NEL DETTAGLIO\u00a0<\/p>\n<p>\nDomenica 16. Al Nord: piogge diffuse, neve a 1800 metri. Al Centro: piogge sull\u2019alta Toscana. Al Sud: soleggiato e mite.\u00a0<\/p>\n<p>\nLuned\u00ec 17. Al Nord: piogge su Triveneto. Al Centro: piogge su settori tirrenici. Al Sud: pioggia in Campania e Sardegna, soleggiato altrove.\u00a0<\/p>\n<p>\nMarted\u00ec 18. Al Nord: prevalenza di sole, temperature in calo. Al Centro: instabile con piogge sparse. Al Sud: forti piogge, venti in rinforzo.\u00a0<\/p>\n<p>\nTendenza: Mercoled\u00ec ultime piogge al Sud ed in Sicilia; poi arriva aria via via pi\u00f9 fredda dal Nord Europa che far\u00e0 calare sensibilmente le temperature quindi un pericoloso ciclone da venerd\u00ec 21.\u00a0<\/p>\n<p>&#8212;<\/p>\n<p>cronaca<\/p>\n<p>webinfo@adnkronos.com (Web Info)<\/p>\n<div style=\"display:flex; gap:10px;justify-content:center\" class=\"wps-pgfw-pdf-generate-icon__wrapper-frontend\">\n\t\t<a  href=\"https:\/\/ciaoup.it?action=genpdf&amp;id=28440\" class=\"pgfw-single-pdf-download-button\" ><img src=\"https:\/\/ciaoup.it\/wp-content\/plugins\/pdf-generator-for-wp\/admin\/src\/images\/PDF_Tray.svg\" title=\"Generate PDF\" style=\"width:auto; height:45px;\"><\/a>\n\t\t<\/div>","protected":false},"excerpt":{"rendered":"<p>(Adnkronos) &#8211; Una serie di impulsi instabili daranno il via ad una fase decisamente dinamica&hellip;<\/p>\n","protected":false},"author":3,"featured_media":28441,"comment_status":"open","ping_status":"closed","sticky":false,"template":"","format":"standard","meta":{"footnotes":""},"categories":[12],"tags":[3],"class_list":["post-28440","post","type-post","status-publish","format-standard","has-post-thumbnail","hentry","category-comunicati","tag-ultimora"],"_links":{"self":[{"href":"https:\/\/ciaoup.it\/index.php?rest_route=\/wp\/v2\/posts\/28440","targetHints":{"allow":["GET"]}}],"collection":[{"href":"https:\/\/ciaoup.it\/index.php?rest_route=\/wp\/v2\/posts"}],"about":[{"href":"https:\/\/ciaoup.it\/index.php?rest_route=\/wp\/v2\/types\/post"}],"author":[{"embeddable":true,"href":"https:\/\/ciaoup.it\/index.php?rest_route=\/wp\/v2\/users\/3"}],"replies":[{"embeddable":true,"href":"https:\/\/ciaoup.it\/index.php?rest_route=%2Fwp%2Fv2%2Fcomments&post=28440"}],"version-history":[{"count":1,"href":"https:\/\/ciaoup.it\/index.php?rest_route=\/wp\/v2\/posts\/28440\/revisions"}],"predecessor-version":[{"id":28454,"href":"https:\/\/ciaoup.it\/index.php?rest_route=\/wp\/v2\/posts\/28440\/revisions\/28454"}],"wp:featuredmedia":[{"embeddable":true,"href":"https:\/\/ciaoup.it\/index.php?rest_route=\/wp\/v2\/media\/28441"}],"wp:attachment":[{"href":"https:\/\/ciaoup.it\/index.php?rest_route=%2Fwp%2Fv2%2Fmedia&parent=28440"}],"wp:term":[{"taxonomy":"category","embeddable":true,"href":"https:\/\/ciaoup.it\/index.php?rest_route=%2Fwp%2Fv2%2Fcategories&post=28440"},{"taxonomy":"post_tag","embeddable":true,"href":"https:\/\/ciaoup.it\/index.php?rest_route=%2Fwp%2Fv2%2Ftags&post=28440"}],"curies":[{"name":"wp","href":"https:\/\/api.w.org\/{rel}","templated":true}]}}