{"id":28425,"date":"2025-11-16T09:15:44","date_gmt":"2025-11-16T09:15:44","guid":{"rendered":"https:\/\/ciaoup.it\/?p=28425"},"modified":"2025-11-16T09:15:44","modified_gmt":"2025-11-16T09:15:44","slug":"enrica-bonaccorti-e-il-dramma-della-malattia-il-racconto-oggi-a-verissimo","status":"publish","type":"post","link":"https:\/\/ciaoup.it\/?p=28425","title":{"rendered":"Enrica Bonaccorti e il dramma della malattia, il racconto oggi a Verissimo"},"content":{"rendered":"<p> (Adnkronos) &#8211;<br \/>\nEnrica Bonaccorti sar\u00e0 ospite oggi, domenica 16 novembre, a Verissimo. La conduttrice e attrice parler\u00e0 per la prima volta in televisione, nel salotto di Silvia Toffanin, del problema di salute che l\u2019ha colpita nei mesi scorsi.\u00a0<\/p>\n<p>\nLo scorso settembre Enrica aveva rivelato sui social di essere malata. Con un post su Instagram, la conduttrice aveva rivelato la diagnosi di tumore facendo riferimento nel messaggio anche a Eleonora Giorgi, morta a marzo all&#8217;et\u00e0 di 71 anni per un cancro al pancreas. &#8220;E&#8217; da tanto che non ci sentiamo e non ci vediamo, n\u00e9 qui n\u00e9 in televisione&#8221;, aveva scritto la 75 anni, nel messaggio abbinato alla foto che la ritrare su una sedia a rotella, spinta dalla figlia Verdiana.\u00a0<\/p>\n<p>&#8220;Sono 4 mesi che mi sono nascosta anche con gli amici pi\u00f9 cari, senza rispondere, senza richiamare, come se il mio non esserci facesse scomparire quel che invece c&#8217;\u00e8\u2026 mi scuso con tutti, fino a oggi mi sono bloccata nell&#8217;assenza, ma l&#8217;avevo sempre detto: se mi succedesse la stessa cosa di Eleonora, non sarei mai capace di affrontarla come lei&#8221;, aveva aggiunto. &#8220;E infatti non so cosa dire, tranne che \u00e8 successa. Ma siamo all\u2019inizio, e ora che sono riuscita a dirvelo, mi sento gi\u00e0 pi\u00f9 forte. Non far\u00f2 pi\u00f9 lo struzzo, ora ho voglia di volare di nuovo insieme a voi&#8221;, concludeva il messaggio.\u00a0<\/p>\n<p>E sulle condizioni di salute, Enrica aveva accennato: &#8220;Spero di potervi dare notizie belle appena ci saranno, in ogni caso non mi nasconder\u00f2 pi\u00f9. Vi abbraccio forte forte&#8221;.\u00a0<\/p>\n<p>&#8212;<\/p>\n<p>spettacoli<\/p>\n<p>webinfo@adnkronos.com (Web Info)<\/p>\n<div style=\"display:flex; gap:10px;justify-content:center\" class=\"wps-pgfw-pdf-generate-icon__wrapper-frontend\">\n\t\t<a  href=\"https:\/\/ciaoup.it?action=genpdf&amp;id=28425\" class=\"pgfw-single-pdf-download-button\" ><img src=\"https:\/\/ciaoup.it\/wp-content\/plugins\/pdf-generator-for-wp\/admin\/src\/images\/PDF_Tray.svg\" title=\"Generate PDF\" style=\"width:auto; height:45px;\"><\/a>\n\t\t<\/div>","protected":false},"excerpt":{"rendered":"<p>(Adnkronos) &#8211; Enrica Bonaccorti sar\u00e0 ospite oggi, domenica 16 novembre, a Verissimo. La conduttrice e&hellip;<\/p>\n","protected":false},"author":3,"featured_media":28426,"comment_status":"open","ping_status":"closed","sticky":false,"template":"","format":"standard","meta":{"footnotes":""},"categories":[12],"tags":[3],"class_list":["post-28425","post","type-post","status-publish","format-standard","has-post-thumbnail","hentry","category-comunicati","tag-ultimora"],"_links":{"self":[{"href":"https:\/\/ciaoup.it\/index.php?rest_route=\/wp\/v2\/posts\/28425","targetHints":{"allow":["GET"]}}],"collection":[{"href":"https:\/\/ciaoup.it\/index.php?rest_route=\/wp\/v2\/posts"}],"about":[{"href":"https:\/\/ciaoup.it\/index.php?rest_route=\/wp\/v2\/types\/post"}],"author":[{"embeddable":true,"href":"https:\/\/ciaoup.it\/index.php?rest_route=\/wp\/v2\/users\/3"}],"replies":[{"embeddable":true,"href":"https:\/\/ciaoup.it\/index.php?rest_route=%2Fwp%2Fv2%2Fcomments&post=28425"}],"version-history":[{"count":1,"href":"https:\/\/ciaoup.it\/index.php?rest_route=\/wp\/v2\/posts\/28425\/revisions"}],"predecessor-version":[{"id":28436,"href":"https:\/\/ciaoup.it\/index.php?rest_route=\/wp\/v2\/posts\/28425\/revisions\/28436"}],"wp:featuredmedia":[{"embeddable":true,"href":"https:\/\/ciaoup.it\/index.php?rest_route=\/wp\/v2\/media\/28426"}],"wp:attachment":[{"href":"https:\/\/ciaoup.it\/index.php?rest_route=%2Fwp%2Fv2%2Fmedia&parent=28425"}],"wp:term":[{"taxonomy":"category","embeddable":true,"href":"https:\/\/ciaoup.it\/index.php?rest_route=%2Fwp%2Fv2%2Fcategories&post=28425"},{"taxonomy":"post_tag","embeddable":true,"href":"https:\/\/ciaoup.it\/index.php?rest_route=%2Fwp%2Fv2%2Ftags&post=28425"}],"curies":[{"name":"wp","href":"https:\/\/api.w.org\/{rel}","templated":true}]}}