{"id":28395,"date":"2025-11-16T00:40:33","date_gmt":"2025-11-16T00:40:33","guid":{"rendered":"https:\/\/ciaoup.it\/?p=28395"},"modified":"2025-11-16T00:40:33","modified_gmt":"2025-11-16T00:40:33","slug":"ballando-delogu-in-lacrime-per-la-morte-del-fratello-mia-vita-finita-quel-giorno","status":"publish","type":"post","link":"https:\/\/ciaoup.it\/?p=28395","title":{"rendered":"Ballando, Delogu in lacrime per la morte del fratello: &#8220;Mia vita finita quel giorno&#8221;"},"content":{"rendered":"<p> (Adnkronos) &#8211; &#8220;La mia vita \u00e8 cambiata per sempre, \u00e8 finita con quella telefonata&#8221;. Con queste parole Andrea Delogu ricorda e rivive il giorno in cui ha scoperto la morte del fratello Evan, scomparso in un tragico incidente stradale. Prima dell&#8217;esibizione a Ballando con le stelle, la conduttrice racconta: &#8220;L&#8217;ho saputo tramite mio padre che mi ha chiamata, ha usato le parole giuste per non darmi uno shock&#8230; non lo ringrazier\u00f2 mai abbastanza&#8221;. \u00a0<\/p>\n<p>&#8220;Non c&#8217;\u00e8 nulla da aggiungere perch\u00e9 lui \u00e8 un pezzo di me, lo era prima e lo \u00e8 adesso. Questa \u00e8 l&#8217;ultima volta che parlo di mio fratello davanti alla telecamera, \u00e8 successo&#8230; chi non l&#8217;ha provato spero non lo provi davvero perch\u00e9 pu\u00f2 solo immaginare&#8230; chi lo ha provato sa di cosa sto parlando&#8221;, aggiunge. &#8220;La mia vita \u00e8 finita con quella telefonata &#8211; racconta ancora Delogu &#8211; ora ne \u00e8 iniziata un&#8217;altra. Il mondo \u00e8 crollato, ma devo andare avanti&#8221;. &#8220;Questo lutto deve diventare privato, e questo dolore voglio viverlo da sola&#8221;. \u00a0<\/p>\n<p>Dopo l&#8217;esibizione, un valzer con il maestro Nikita Perotti, conclusa con le lacrime di Delogu e una standing ovation da parte del pubblico, arrivano i commenti della giuria.  &#8220;Questa sera hai celebrato quella spaventosa normalit\u00e0 che \u00e8 il continuare a vivere, questa cosa ci ha commosso tantissimo. Nessuno di noi l&#8217;ha trovato stonato, questo pudore l&#8217;ho trovato coraggioso&#8221;, dice Selvaggia Lucarelli. \u00a0<\/p>\n<p>&#8212;<\/p>\n<p>spettacoli<\/p>\n<p>webinfo@adnkronos.com (Web Info)<\/p>\n<div style=\"display:flex; gap:10px;justify-content:center\" class=\"wps-pgfw-pdf-generate-icon__wrapper-frontend\">\n\t\t<a  href=\"https:\/\/ciaoup.it?action=genpdf&amp;id=28395\" class=\"pgfw-single-pdf-download-button\" ><img src=\"https:\/\/ciaoup.it\/wp-content\/plugins\/pdf-generator-for-wp\/admin\/src\/images\/PDF_Tray.svg\" title=\"Generate PDF\" style=\"width:auto; height:45px;\"><\/a>\n\t\t<\/div>","protected":false},"excerpt":{"rendered":"<p>(Adnkronos) &#8211; &#8220;La mia vita \u00e8 cambiata per sempre, \u00e8 finita con quella telefonata&#8221;. Con&hellip;<\/p>\n","protected":false},"author":3,"featured_media":28396,"comment_status":"open","ping_status":"closed","sticky":false,"template":"","format":"standard","meta":{"footnotes":""},"categories":[12],"tags":[3],"class_list":["post-28395","post","type-post","status-publish","format-standard","has-post-thumbnail","hentry","category-comunicati","tag-ultimora"],"_links":{"self":[{"href":"https:\/\/ciaoup.it\/index.php?rest_route=\/wp\/v2\/posts\/28395","targetHints":{"allow":["GET"]}}],"collection":[{"href":"https:\/\/ciaoup.it\/index.php?rest_route=\/wp\/v2\/posts"}],"about":[{"href":"https:\/\/ciaoup.it\/index.php?rest_route=\/wp\/v2\/types\/post"}],"author":[{"embeddable":true,"href":"https:\/\/ciaoup.it\/index.php?rest_route=\/wp\/v2\/users\/3"}],"replies":[{"embeddable":true,"href":"https:\/\/ciaoup.it\/index.php?rest_route=%2Fwp%2Fv2%2Fcomments&post=28395"}],"version-history":[{"count":1,"href":"https:\/\/ciaoup.it\/index.php?rest_route=\/wp\/v2\/posts\/28395\/revisions"}],"predecessor-version":[{"id":28402,"href":"https:\/\/ciaoup.it\/index.php?rest_route=\/wp\/v2\/posts\/28395\/revisions\/28402"}],"wp:featuredmedia":[{"embeddable":true,"href":"https:\/\/ciaoup.it\/index.php?rest_route=\/wp\/v2\/media\/28396"}],"wp:attachment":[{"href":"https:\/\/ciaoup.it\/index.php?rest_route=%2Fwp%2Fv2%2Fmedia&parent=28395"}],"wp:term":[{"taxonomy":"category","embeddable":true,"href":"https:\/\/ciaoup.it\/index.php?rest_route=%2Fwp%2Fv2%2Fcategories&post=28395"},{"taxonomy":"post_tag","embeddable":true,"href":"https:\/\/ciaoup.it\/index.php?rest_route=%2Fwp%2Fv2%2Ftags&post=28395"}],"curies":[{"name":"wp","href":"https:\/\/api.w.org\/{rel}","templated":true}]}}