{"id":28336,"date":"2025-11-15T20:20:10","date_gmt":"2025-11-15T20:20:10","guid":{"rendered":"https:\/\/ciaoup.it\/?p=28336"},"modified":"2025-11-15T20:20:10","modified_gmt":"2025-11-15T20:20:10","slug":"verissimo-edwige-fenech-mia-mamma-e-morta-tra-le-mie-braccia","status":"publish","type":"post","link":"https:\/\/ciaoup.it\/?p=28336","title":{"rendered":"Verissimo, Edwige Fenech: &#8220;Mia mamma \u00e8 morta tra le mie braccia&#8221;"},"content":{"rendered":"<p> (Adnkronos) &#8211;<br \/>\nEdwige Fenech ospite oggi, sabato 15 novembre, a Verissimo ha ripercorso i momenti pi\u00f9 importanti della sua carriera e della sua vita personale, come la nascita di suo figlio.\u00a0<\/p>\n<p>Fenech \u00e8 diventata mamma all&#8217;et\u00e0 di 21 anni: &#8220;Ero molto giovane, per\u00f2 \u00e8 stata la mia benedizione. L&#8217;ho presa come una responsabilit\u00e0. Anche se non avevo grandi disponibilit\u00e0 economiche&#8221;. Edwige ha cresciuto suo figlio anche grazie ai suoi genitori: &#8220;Sono stati davvero preziosi, sono venuti a vivere con me a Roma&#8221;. L&#8217;attrice non ha mai rivelato il nome del padre del figlio: &#8220;Non dir\u00f2 mai il suo nome, sono una donna dalla mente libera e rispetto la sua scelta&#8221;.\u00a0<\/p>\n<p>Edwige Fenech ha ricordato con grande dolore la morte della mamma: &#8220;\u00c8 morta serenamente tra le mie braccia. Era la mia migliore amica, mi manca soprattutto quando sono fuori casa perch\u00e9 la chiamavo sempre, mentre ora non posso pi\u00f9 farlo&#8221;.\u00a0<\/p>\n<p>&#8212;<\/p>\n<p>spettacoli<\/p>\n<p>webinfo@adnkronos.com (Web Info)<\/p>\n<div style=\"display:flex; gap:10px;justify-content:center\" class=\"wps-pgfw-pdf-generate-icon__wrapper-frontend\">\n\t\t<a  href=\"https:\/\/ciaoup.it?action=genpdf&amp;id=28336\" class=\"pgfw-single-pdf-download-button\" ><img src=\"https:\/\/ciaoup.it\/wp-content\/plugins\/pdf-generator-for-wp\/admin\/src\/images\/PDF_Tray.svg\" title=\"Generate PDF\" style=\"width:auto; height:45px;\"><\/a>\n\t\t<\/div>","protected":false},"excerpt":{"rendered":"<p>(Adnkronos) &#8211; Edwige Fenech ospite oggi, sabato 15 novembre, a Verissimo ha ripercorso i momenti&hellip;<\/p>\n","protected":false},"author":3,"featured_media":28337,"comment_status":"open","ping_status":"closed","sticky":false,"template":"","format":"standard","meta":{"footnotes":""},"categories":[12],"tags":[3],"class_list":["post-28336","post","type-post","status-publish","format-standard","has-post-thumbnail","hentry","category-comunicati","tag-ultimora"],"_links":{"self":[{"href":"https:\/\/ciaoup.it\/index.php?rest_route=\/wp\/v2\/posts\/28336","targetHints":{"allow":["GET"]}}],"collection":[{"href":"https:\/\/ciaoup.it\/index.php?rest_route=\/wp\/v2\/posts"}],"about":[{"href":"https:\/\/ciaoup.it\/index.php?rest_route=\/wp\/v2\/types\/post"}],"author":[{"embeddable":true,"href":"https:\/\/ciaoup.it\/index.php?rest_route=\/wp\/v2\/users\/3"}],"replies":[{"embeddable":true,"href":"https:\/\/ciaoup.it\/index.php?rest_route=%2Fwp%2Fv2%2Fcomments&post=28336"}],"version-history":[{"count":1,"href":"https:\/\/ciaoup.it\/index.php?rest_route=\/wp\/v2\/posts\/28336\/revisions"}],"predecessor-version":[{"id":28346,"href":"https:\/\/ciaoup.it\/index.php?rest_route=\/wp\/v2\/posts\/28336\/revisions\/28346"}],"wp:featuredmedia":[{"embeddable":true,"href":"https:\/\/ciaoup.it\/index.php?rest_route=\/wp\/v2\/media\/28337"}],"wp:attachment":[{"href":"https:\/\/ciaoup.it\/index.php?rest_route=%2Fwp%2Fv2%2Fmedia&parent=28336"}],"wp:term":[{"taxonomy":"category","embeddable":true,"href":"https:\/\/ciaoup.it\/index.php?rest_route=%2Fwp%2Fv2%2Fcategories&post=28336"},{"taxonomy":"post_tag","embeddable":true,"href":"https:\/\/ciaoup.it\/index.php?rest_route=%2Fwp%2Fv2%2Ftags&post=28336"}],"curies":[{"name":"wp","href":"https:\/\/api.w.org\/{rel}","templated":true}]}}