{"id":28312,"date":"2025-11-15T18:36:40","date_gmt":"2025-11-15T18:36:40","guid":{"rendered":"https:\/\/ciaoup.it\/?p=28312"},"modified":"2025-11-15T18:36:40","modified_gmt":"2025-11-15T18:36:40","slug":"giulia-de-lellis-lallattamento-post-gravidanza-sono-stata-sfigata","status":"publish","type":"post","link":"https:\/\/ciaoup.it\/?p=28312","title":{"rendered":"Giulia De Lellis, l&#8217;allattamento post gravidanza: &#8220;Sono stata sfigata&#8221;"},"content":{"rendered":"<p> (Adnkronos) &#8211;<br \/>\nGiulia De Lellis ha raccontato sui social com&#8217;\u00e8 andato l&#8217;allattamento post gravidanza. L&#8217;influencer diventata da poco mamma della piccola Priscilla, nata dall&#8217;amore con il rapper Tony Effe, ha confidato di essere stata &#8220;sfortunata&#8221; e di aver allattato la sua bambina per poche settimane.\u00a0<\/p>\n<p>&#8220;Io sono stata proprio sfigata, ve l\u2019avevo mezzo accennato, con l\u2019allattamento. Ho avuto una mastite devastante, purtroppo il latte mi \u00e8 andato via subito dopo. Quindi non \u00e8 che ho allattato tantissimo, neanche un mese, tra una cosa e l\u2019altra&#8221;, ha spiegato De Lellis. L&#8217;influencer infatti aveva raccontato di aver avuto una febbre da mastite, un&#8217;infiammazione al seno comune nel post partum: &#8220;Sono rimasta a letto una settimana con 39 di febbre&#8221;.\u00a0<\/p>\n<p>Un argomento delicato, quello dell&#8217;allattamento, che le sta molto a cuore: &#8220;L\u2019allattamento \u00e8 un argomento immenso di cui si parla ancora poco secondo me. Forse perch\u00e9 ogni storia \u00e8 estremamente personale e parlarne \u00e8 molto complicato&#8221;. \u00a0<\/p>\n<p>&#8212;<\/p>\n<p>spettacoli<\/p>\n<p>webinfo@adnkronos.com (Web Info)<\/p>\n<div style=\"display:flex; gap:10px;justify-content:center\" class=\"wps-pgfw-pdf-generate-icon__wrapper-frontend\">\n\t\t<a  href=\"https:\/\/ciaoup.it?action=genpdf&amp;id=28312\" class=\"pgfw-single-pdf-download-button\" ><img src=\"https:\/\/ciaoup.it\/wp-content\/plugins\/pdf-generator-for-wp\/admin\/src\/images\/PDF_Tray.svg\" title=\"Generate PDF\" style=\"width:auto; height:45px;\"><\/a>\n\t\t<\/div>","protected":false},"excerpt":{"rendered":"<p>(Adnkronos) &#8211; Giulia De Lellis ha raccontato sui social com&#8217;\u00e8 andato l&#8217;allattamento post gravidanza. L&#8217;influencer&hellip;<\/p>\n","protected":false},"author":3,"featured_media":28313,"comment_status":"open","ping_status":"closed","sticky":false,"template":"","format":"standard","meta":{"footnotes":""},"categories":[12],"tags":[3],"class_list":["post-28312","post","type-post","status-publish","format-standard","has-post-thumbnail","hentry","category-comunicati","tag-ultimora"],"_links":{"self":[{"href":"https:\/\/ciaoup.it\/index.php?rest_route=\/wp\/v2\/posts\/28312","targetHints":{"allow":["GET"]}}],"collection":[{"href":"https:\/\/ciaoup.it\/index.php?rest_route=\/wp\/v2\/posts"}],"about":[{"href":"https:\/\/ciaoup.it\/index.php?rest_route=\/wp\/v2\/types\/post"}],"author":[{"embeddable":true,"href":"https:\/\/ciaoup.it\/index.php?rest_route=\/wp\/v2\/users\/3"}],"replies":[{"embeddable":true,"href":"https:\/\/ciaoup.it\/index.php?rest_route=%2Fwp%2Fv2%2Fcomments&post=28312"}],"version-history":[{"count":1,"href":"https:\/\/ciaoup.it\/index.php?rest_route=\/wp\/v2\/posts\/28312\/revisions"}],"predecessor-version":[{"id":28325,"href":"https:\/\/ciaoup.it\/index.php?rest_route=\/wp\/v2\/posts\/28312\/revisions\/28325"}],"wp:featuredmedia":[{"embeddable":true,"href":"https:\/\/ciaoup.it\/index.php?rest_route=\/wp\/v2\/media\/28313"}],"wp:attachment":[{"href":"https:\/\/ciaoup.it\/index.php?rest_route=%2Fwp%2Fv2%2Fmedia&parent=28312"}],"wp:term":[{"taxonomy":"category","embeddable":true,"href":"https:\/\/ciaoup.it\/index.php?rest_route=%2Fwp%2Fv2%2Fcategories&post=28312"},{"taxonomy":"post_tag","embeddable":true,"href":"https:\/\/ciaoup.it\/index.php?rest_route=%2Fwp%2Fv2%2Ftags&post=28312"}],"curies":[{"name":"wp","href":"https:\/\/api.w.org\/{rel}","templated":true}]}}