{"id":28304,"date":"2025-11-15T17:52:16","date_gmt":"2025-11-15T17:52:16","guid":{"rendered":"https:\/\/ciaoup.it\/?p=28304"},"modified":"2025-11-15T17:52:16","modified_gmt":"2025-11-15T17:52:16","slug":"briga-e-arianna-montefiori-presto-genitori-aspettavamo-due-gemelli-uno-non-ce-lha-fatta","status":"publish","type":"post","link":"https:\/\/ciaoup.it\/?p=28304","title":{"rendered":"Briga e Arianna Montefiori presto genitori: &#8220;Aspettavamo due gemelli, uno non ce l&#8217;ha fatta&#8221;"},"content":{"rendered":"<p> (Adnkronos) &#8211;<br \/>\nBriga e Arianna Montefiori diventeranno genitori di una femminuccia. Ospite a Verissimo oggi, sabato 15 novembre, la coppia ha raccontato le emozioni dei primi mesi e il lungo percorso affrontato prima di riuscire a coronare il loro sogno di diventare genitori.  \u00a0<\/p>\n<p>&#8220;Ancora non riesco a realizzarlo, aspettavamo questo momento da tanto tempo&#8221;, hanno detto i due nel salotto di Silvia Toffanin. &#8220;Stavamo provando a realizzare questo sogno da tanti anni, volevo solo costruire una famiglia&#8221;, ha detto Arianna. Gli anni passavano, e nonostante i numerosi tentativi il risultato era sempre lo stesso: &#8220;Abbiamo dovuto fare delle analisi per accertarci che andasse tutto bene, non c&#8217;era nessuna problematica e quindi non capivamo quale fosse il problema. Ci siamo fatti dare un piccolo aiuto, abbiamo fatto la primissima cosa che si fa, quello meno invasiva ed eccoci qua&#8221;, ha raccontato l&#8217;attrice, visibilmente emozionata. \u00a0<\/p>\n<p>Una speranza coltivata per cinque anni: &#8220;Siamo stati tranquilli, noi sapevamo non potevamo essere grandi impedimenti. Avevamo tanta fiducia nel processo, queste cose possono anche compromettere la coppia, ma il nostro rapporto \u00e8 forte&#8221;, ha raccontato il cantante Briga.\u00a0<\/p>\n<p>La coppia ha rivelato che la gravidanza era iniziata come gemellare, poi purtroppo un &#8220;feto si \u00e8 assorbito&#8221;: &#8220;Abbiamo un angioletto che ci protegge. Non l&#8217;ho vissuta con serenit\u00e0 perch\u00e9 mi sentivo gi\u00e0 mamma di due bambini, sono stata molto male. Per\u00f2, ho parlato con il medico e col tempo mi sono tranquillizzata&#8221;, ha raccontato Arianna.\u00a0<\/p>\n<p>Poi, il gender reveal in esclusiva a Verissimo: Mattia e Arianna diventeranno figli di una femminuccia: &#8220;Dovrebbe nascere ad Aprile&#8221;, hanno detto i due genitori.\u00a0<\/p>\n<p>&#8212;<\/p>\n<p>spettacoli<\/p>\n<p>webinfo@adnkronos.com (Web Info)<\/p>\n<div style=\"display:flex; gap:10px;justify-content:center\" class=\"wps-pgfw-pdf-generate-icon__wrapper-frontend\">\n\t\t<a  href=\"https:\/\/ciaoup.it?action=genpdf&amp;id=28304\" class=\"pgfw-single-pdf-download-button\" ><img src=\"https:\/\/ciaoup.it\/wp-content\/plugins\/pdf-generator-for-wp\/admin\/src\/images\/PDF_Tray.svg\" title=\"Generate PDF\" style=\"width:auto; height:45px;\"><\/a>\n\t\t<\/div>","protected":false},"excerpt":{"rendered":"<p>(Adnkronos) &#8211; Briga e Arianna Montefiori diventeranno genitori di una femminuccia. Ospite a Verissimo oggi,&hellip;<\/p>\n","protected":false},"author":3,"featured_media":28305,"comment_status":"open","ping_status":"closed","sticky":false,"template":"","format":"standard","meta":{"footnotes":""},"categories":[12],"tags":[3],"class_list":["post-28304","post","type-post","status-publish","format-standard","has-post-thumbnail","hentry","category-comunicati","tag-ultimora"],"_links":{"self":[{"href":"https:\/\/ciaoup.it\/index.php?rest_route=\/wp\/v2\/posts\/28304","targetHints":{"allow":["GET"]}}],"collection":[{"href":"https:\/\/ciaoup.it\/index.php?rest_route=\/wp\/v2\/posts"}],"about":[{"href":"https:\/\/ciaoup.it\/index.php?rest_route=\/wp\/v2\/types\/post"}],"author":[{"embeddable":true,"href":"https:\/\/ciaoup.it\/index.php?rest_route=\/wp\/v2\/users\/3"}],"replies":[{"embeddable":true,"href":"https:\/\/ciaoup.it\/index.php?rest_route=%2Fwp%2Fv2%2Fcomments&post=28304"}],"version-history":[{"count":1,"href":"https:\/\/ciaoup.it\/index.php?rest_route=\/wp\/v2\/posts\/28304\/revisions"}],"predecessor-version":[{"id":28318,"href":"https:\/\/ciaoup.it\/index.php?rest_route=\/wp\/v2\/posts\/28304\/revisions\/28318"}],"wp:featuredmedia":[{"embeddable":true,"href":"https:\/\/ciaoup.it\/index.php?rest_route=\/wp\/v2\/media\/28305"}],"wp:attachment":[{"href":"https:\/\/ciaoup.it\/index.php?rest_route=%2Fwp%2Fv2%2Fmedia&parent=28304"}],"wp:term":[{"taxonomy":"category","embeddable":true,"href":"https:\/\/ciaoup.it\/index.php?rest_route=%2Fwp%2Fv2%2Fcategories&post=28304"},{"taxonomy":"post_tag","embeddable":true,"href":"https:\/\/ciaoup.it\/index.php?rest_route=%2Fwp%2Fv2%2Ftags&post=28304"}],"curies":[{"name":"wp","href":"https:\/\/api.w.org\/{rel}","templated":true}]}}