{"id":28295,"date":"2025-11-15T17:04:25","date_gmt":"2025-11-15T17:04:25","guid":{"rendered":"https:\/\/ciaoup.it\/?p=28295"},"modified":"2025-11-15T17:04:25","modified_gmt":"2025-11-15T17:04:25","slug":"de-ioannon-e-steri-insieme-a-verissimo-ecco-come-iniziata-la-nostra-storia","status":"publish","type":"post","link":"https:\/\/ciaoup.it\/?p=28295","title":{"rendered":"De Ioannon e Steri insieme a Verissimo: &#8220;Ecco com&#8217;\u00e8 iniziata la nostra storia&#8230;&#8221;"},"content":{"rendered":"<p> (Adnkronos) &#8211;<br \/>\nMartina De Ioannon e Gianmarco Steri insieme a Verissimo. Oggi, sabato 15 novembre, la coppia \u00e8 stata ospite nel salotto di Silvia Toffanin, dove ha ripercorso le tappe della loro relazione, raccontando come il loro legame sia nato lontano dalle telecamere di Uomini e Donne. \u00a0<\/p>\n<p>Il trono di Martina si era concluso con la scelta di Ciro, lasciando fuori Gianmarco, che in seguito era diventato tronista e aveva coronato la sua esperienza con Cristina Ferrara. Tuttavia, a pochi mesi dalle rispettive scelte, entrambe le coppie si dicono addio. Martina \u00e8 tornata a frequentare Gianmarco e la loro relazione \u00e8 ormai ufficiale. Ma secondo molti utenti, Martina e Gianmarco avrebbero iniziato a frequentarsi gi\u00e0 prima della rottura con Ciro, insinuando un tradimento, smentito pi\u00f9 volte dalla stessa Martina.\u00a0<\/p>\n<p>\u00a0<\/p>\n<p>Martina ha scelto inizialmente Ciro alla fine del suo percorso da tronista, a Silvia Toffanin ha spiegato che oggi non la considera una scelta sbagliata, piuttosto fatta di &#8220;pancia&#8221;: &#8220;Ho scelto con le sensazioni, in quel momento il percorso con Gianmarco aveva preso una piega sbagliata. Ho deciso di fare un salto nel vuoto&#8221;. La sua relazione con Ciro \u00e8 durata circa 7 mesi: &#8220;La vita fuori da Uomini e Donne \u00e8 diversa. Lui non \u00e8 la persona giusta per me, ma \u00e8 stato importante. Non rinnego nulla&#8221;, ha detto. \u00a0<\/p>\n<p>E su Gianmarco, De Ioannon ha spiegato che inizialmente era frenata a causa del suo carattere: &#8220;Mi spaventava il suo carattere, lui riesce a mettermi al mio posto, nel senso buono. Con il tempo ho capito che una persona cos\u00ec mi fa crescere e mi fa maturare&#8221;.\u00a0<\/p>\n<p>E sulla collanina-gate, Martina ha spiegato: &#8220;Gianmarco durante un&#8217;esterna mi aveva regalato una collanina. Io l&#8217;ho pubblicata su Instagram poche settimane dopo essere usciti insieme per la prima volta. L\u2019ho fatto solo per la voglia di compiacere lui, non c\u2019era un\u2019intenzione cattiva. Abbiamo capito che si poteva evitare per non creare polemiche&#8221;.\u00a0<\/p>\n<p>Martina ha espresso il suo dispiacere nei confronti di Ciro: &#8220;Mi dispiace tanto averlo ferito, io gli voglio davvero bene. Ma anche io sono stata male, perch\u00e9 non \u00e8 facile rendersi conto di alcune cose&#8230; dopo 8 mesi ho capito che non era la persona giusta per me&#8221;.\u00a0<\/p>\n<p>&#8212;<\/p>\n<p>spettacoli<\/p>\n<p>webinfo@adnkronos.com (Web Info)<\/p>\n<div style=\"display:flex; gap:10px;justify-content:center\" class=\"wps-pgfw-pdf-generate-icon__wrapper-frontend\">\n\t\t<a  href=\"https:\/\/ciaoup.it?action=genpdf&amp;id=28295\" class=\"pgfw-single-pdf-download-button\" ><img src=\"https:\/\/ciaoup.it\/wp-content\/plugins\/pdf-generator-for-wp\/admin\/src\/images\/PDF_Tray.svg\" title=\"Generate PDF\" style=\"width:auto; height:45px;\"><\/a>\n\t\t<\/div>","protected":false},"excerpt":{"rendered":"<p>(Adnkronos) &#8211; Martina De Ioannon e Gianmarco Steri insieme a Verissimo. Oggi, sabato 15 novembre,&hellip;<\/p>\n","protected":false},"author":3,"featured_media":28296,"comment_status":"open","ping_status":"closed","sticky":false,"template":"","format":"standard","meta":{"footnotes":""},"categories":[12],"tags":[3],"class_list":["post-28295","post","type-post","status-publish","format-standard","has-post-thumbnail","hentry","category-comunicati","tag-ultimora"],"_links":{"self":[{"href":"https:\/\/ciaoup.it\/index.php?rest_route=\/wp\/v2\/posts\/28295","targetHints":{"allow":["GET"]}}],"collection":[{"href":"https:\/\/ciaoup.it\/index.php?rest_route=\/wp\/v2\/posts"}],"about":[{"href":"https:\/\/ciaoup.it\/index.php?rest_route=\/wp\/v2\/types\/post"}],"author":[{"embeddable":true,"href":"https:\/\/ciaoup.it\/index.php?rest_route=\/wp\/v2\/users\/3"}],"replies":[{"embeddable":true,"href":"https:\/\/ciaoup.it\/index.php?rest_route=%2Fwp%2Fv2%2Fcomments&post=28295"}],"version-history":[{"count":1,"href":"https:\/\/ciaoup.it\/index.php?rest_route=\/wp\/v2\/posts\/28295\/revisions"}],"predecessor-version":[{"id":28303,"href":"https:\/\/ciaoup.it\/index.php?rest_route=\/wp\/v2\/posts\/28295\/revisions\/28303"}],"wp:featuredmedia":[{"embeddable":true,"href":"https:\/\/ciaoup.it\/index.php?rest_route=\/wp\/v2\/media\/28296"}],"wp:attachment":[{"href":"https:\/\/ciaoup.it\/index.php?rest_route=%2Fwp%2Fv2%2Fmedia&parent=28295"}],"wp:term":[{"taxonomy":"category","embeddable":true,"href":"https:\/\/ciaoup.it\/index.php?rest_route=%2Fwp%2Fv2%2Fcategories&post=28295"},{"taxonomy":"post_tag","embeddable":true,"href":"https:\/\/ciaoup.it\/index.php?rest_route=%2Fwp%2Fv2%2Ftags&post=28295"}],"curies":[{"name":"wp","href":"https:\/\/api.w.org\/{rel}","templated":true}]}}