{"id":28274,"date":"2025-11-15T15:38:47","date_gmt":"2025-11-15T15:38:47","guid":{"rendered":"https:\/\/ciaoup.it\/?p=28274"},"modified":"2025-11-15T15:38:47","modified_gmt":"2025-11-15T15:38:47","slug":"maltempo-a-genova-tromba-daria-crolla-muraglione-esonda-rio-fegino","status":"publish","type":"post","link":"https:\/\/ciaoup.it\/?p=28274","title":{"rendered":"Maltempo a Genova: tromba d&#8217;aria, crolla muraglione, esonda rio Fegino"},"content":{"rendered":"<p> (Adnkronos) &#8211; Numerosi i danni per il maltempo a Genova. Nel primo pomeriggio di oggi 15 novembre una tromba d&#8217;aria ha provocato la caduta di alcuni container nell&#8217;area portuale a terra del porto Vte a Pra&#8217;. Secondo la capitaneria di porto non risultano feriti, sul posto si sta recando il nostromo di servizio. Danni anche a Sestri Ponente dove il vento ha scoperchiato un capannone di Amiu, l&#8217;azienda municipalizzata del Comune di Genova che si occupa della raccolta dei rifiuti.\u00a0<\/p>\n<p>Nella tarda mattinata di oggi \u00e8 crollato un muraglione in via Nicoloso da Recco, a Pegli, all\u2019altezza del civico 11. Il crollo, che ha coinvolto anche alcune auto parcheggiate sul lato opposto della strada, ha causato l\u2019interruzione del servizio di distribuzione gas ed energia elettrica nella zona. Sul posto, oltre ai vigili del fuoco, polizia locale, protezione civile ed Aster per la messa in sicurezza della strada.\u00a0<\/p>\n<p>Nel frattempo \u00e8 esondato il rio Fegino, in Valpolcevera, dove \u00e8 scattata la fase operativa di allarme. Sul posto la protezione civile, i vigili del fuoco e la polizia locale.\u00a0<\/p>\n<p>Domani scatter\u00e0 l\u2019allerta arancione dalle 12 alle 21 su gran parte della Liguria. La notte scorsa forti temporali hanno colpito il Ponente, con picchi di 74 mm in un\u2019ora e oltre 230 mm in 12 ore tra Melogno e Osiglia, mentre tra Varazze e Arenzano le celle temporalesche si sono poi spostate verso il ponente genovese, con 140 mm in sei ore. Nel pomeriggio di oggi i fenomeni interesseranno soprattutto il Levante, con possibili strutture pi\u00f9 intense al confine con la Toscana. Nelle ore notturne \u00e8 attesa una tregua, pi\u00f9 marcata a Ponente, prima di una seconda fase perturbata in arrivo domenica mattina. Le ultime uscite modellistiche indicano un\u2019elevata umidit\u00e0 in atmosfera ma scarsa concordanza sulla localizzazione dei fenomeni pi\u00f9 intensi: per questo la Protezione Civile ha aggiornato il quadro delle allerta. \u00a0<\/p>\n<p>In sintesi: \u2013 Zone A e D: allerta gialla da domani mattina, arancione dalle 12 alle 18, poi di nuovo gialla fino alle 21\u201322. \u2013 Zona B: gialla fino alle 12, arancione fino alle 21, quindi gialla fino alle 22. \u2013 Zona C: gialla fino alle 12, arancione fino alle 21, poi gialla fino alle 22. \u2013 Zona E: gialla fino alle 12, arancione dalle 12 alle 21, quindi gialla fino alle 22. Sui bacini grandi resta l\u2019allerta gialla per piene contenute negli alvei. Per domenica sono attesi temporali forti e stazionari, in grado di generare allagamenti, smottamenti e rapidi innalzamenti dei rii minori su un terreno gi\u00e0 saturo. I fenomeni tenderanno a esaurirsi nella mattinata di luned\u00ec.\u00a0<\/p>\n<p>&#8212;<\/p>\n<p>cronaca<\/p>\n<p>webinfo@adnkronos.com (Web Info)<\/p>\n<div style=\"display:flex; gap:10px;justify-content:center\" class=\"wps-pgfw-pdf-generate-icon__wrapper-frontend\">\n\t\t<a  href=\"https:\/\/ciaoup.it?action=genpdf&amp;id=28274\" class=\"pgfw-single-pdf-download-button\" ><img src=\"https:\/\/ciaoup.it\/wp-content\/plugins\/pdf-generator-for-wp\/admin\/src\/images\/PDF_Tray.svg\" title=\"Generate PDF\" style=\"width:auto; height:45px;\"><\/a>\n\t\t<\/div>","protected":false},"excerpt":{"rendered":"<p>(Adnkronos) &#8211; Numerosi i danni per il maltempo a Genova. Nel primo pomeriggio di oggi&hellip;<\/p>\n","protected":false},"author":3,"featured_media":28275,"comment_status":"open","ping_status":"closed","sticky":false,"template":"","format":"standard","meta":{"footnotes":""},"categories":[12],"tags":[3],"class_list":["post-28274","post","type-post","status-publish","format-standard","has-post-thumbnail","hentry","category-comunicati","tag-ultimora"],"_links":{"self":[{"href":"https:\/\/ciaoup.it\/index.php?rest_route=\/wp\/v2\/posts\/28274","targetHints":{"allow":["GET"]}}],"collection":[{"href":"https:\/\/ciaoup.it\/index.php?rest_route=\/wp\/v2\/posts"}],"about":[{"href":"https:\/\/ciaoup.it\/index.php?rest_route=\/wp\/v2\/types\/post"}],"author":[{"embeddable":true,"href":"https:\/\/ciaoup.it\/index.php?rest_route=\/wp\/v2\/users\/3"}],"replies":[{"embeddable":true,"href":"https:\/\/ciaoup.it\/index.php?rest_route=%2Fwp%2Fv2%2Fcomments&post=28274"}],"version-history":[{"count":1,"href":"https:\/\/ciaoup.it\/index.php?rest_route=\/wp\/v2\/posts\/28274\/revisions"}],"predecessor-version":[{"id":28284,"href":"https:\/\/ciaoup.it\/index.php?rest_route=\/wp\/v2\/posts\/28274\/revisions\/28284"}],"wp:featuredmedia":[{"embeddable":true,"href":"https:\/\/ciaoup.it\/index.php?rest_route=\/wp\/v2\/media\/28275"}],"wp:attachment":[{"href":"https:\/\/ciaoup.it\/index.php?rest_route=%2Fwp%2Fv2%2Fmedia&parent=28274"}],"wp:term":[{"taxonomy":"category","embeddable":true,"href":"https:\/\/ciaoup.it\/index.php?rest_route=%2Fwp%2Fv2%2Fcategories&post=28274"},{"taxonomy":"post_tag","embeddable":true,"href":"https:\/\/ciaoup.it\/index.php?rest_route=%2Fwp%2Fv2%2Ftags&post=28274"}],"curies":[{"name":"wp","href":"https:\/\/api.w.org\/{rel}","templated":true}]}}