{"id":28256,"date":"2025-11-15T14:31:35","date_gmt":"2025-11-15T14:31:35","guid":{"rendered":"https:\/\/ciaoup.it\/?p=28256"},"modified":"2025-11-15T14:31:35","modified_gmt":"2025-11-15T14:31:35","slug":"regionali-campania-musumeci-e-sangiuliano-procida-merita-centralita","status":"publish","type":"post","link":"https:\/\/ciaoup.it\/?p=28256","title":{"rendered":"Regionali Campania, Musumeci e Sangiuliano: &#8220;Procida merita centralit\u00e0&#8221;"},"content":{"rendered":"<p> (Adnkronos) &#8211; L\u2019isola di Procida al centro del dibattito politico per le elezioni regionali in Campania con la visita del ministro Nello Musumeci, che ha la delega alle isole minori, e il capolista di Fratelli d\u2019Italia Gennaro Sangiuliano, con la candidata Ione Abbatangelo. Ad accoglierli l\u2019ex sindaco e gi\u00e0 deputato Luigi Muro. Grande partecipazione dei cittadini alla manifestazione presso il Procida Hall, al centro tutti i temi delle isole. \u201cProcida ha una grande e nobile storia che merita centralit\u00e0 nelle strategie della Regione Campania &#8211; ha spiegato Sangiuliano &#8211; \u00c8 scandaloso che qui sia stato soppresso il presidio ospedaliero e la pessima qualit\u00e0 dei collegamenti marittimi con Napoli\u201d. \u00a0<\/p>\n<p>Il ministro Nello Musumeci ha affermato che per la prima volta le piccole isole sono al centro di una strategia fattiva del governo. \u201cLa nobilt\u00e0 di questi luoghi merita attenzione e cura\u201d.\u00a0<\/p>\n<p>&#8212;<\/p>\n<p>politica<\/p>\n<p>webinfo@adnkronos.com (Web Info)<\/p>\n<div style=\"display:flex; gap:10px;justify-content:center\" class=\"wps-pgfw-pdf-generate-icon__wrapper-frontend\">\n\t\t<a  href=\"https:\/\/ciaoup.it?action=genpdf&amp;id=28256\" class=\"pgfw-single-pdf-download-button\" ><img src=\"https:\/\/ciaoup.it\/wp-content\/plugins\/pdf-generator-for-wp\/admin\/src\/images\/PDF_Tray.svg\" title=\"Generate PDF\" style=\"width:auto; height:45px;\"><\/a>\n\t\t<\/div>","protected":false},"excerpt":{"rendered":"<p>(Adnkronos) &#8211; L\u2019isola di Procida al centro del dibattito politico per le elezioni regionali in&hellip;<\/p>\n","protected":false},"author":3,"featured_media":28257,"comment_status":"open","ping_status":"closed","sticky":false,"template":"","format":"standard","meta":{"footnotes":""},"categories":[12],"tags":[3],"class_list":["post-28256","post","type-post","status-publish","format-standard","has-post-thumbnail","hentry","category-comunicati","tag-ultimora"],"_links":{"self":[{"href":"https:\/\/ciaoup.it\/index.php?rest_route=\/wp\/v2\/posts\/28256","targetHints":{"allow":["GET"]}}],"collection":[{"href":"https:\/\/ciaoup.it\/index.php?rest_route=\/wp\/v2\/posts"}],"about":[{"href":"https:\/\/ciaoup.it\/index.php?rest_route=\/wp\/v2\/types\/post"}],"author":[{"embeddable":true,"href":"https:\/\/ciaoup.it\/index.php?rest_route=\/wp\/v2\/users\/3"}],"replies":[{"embeddable":true,"href":"https:\/\/ciaoup.it\/index.php?rest_route=%2Fwp%2Fv2%2Fcomments&post=28256"}],"version-history":[{"count":1,"href":"https:\/\/ciaoup.it\/index.php?rest_route=\/wp\/v2\/posts\/28256\/revisions"}],"predecessor-version":[{"id":28270,"href":"https:\/\/ciaoup.it\/index.php?rest_route=\/wp\/v2\/posts\/28256\/revisions\/28270"}],"wp:featuredmedia":[{"embeddable":true,"href":"https:\/\/ciaoup.it\/index.php?rest_route=\/wp\/v2\/media\/28257"}],"wp:attachment":[{"href":"https:\/\/ciaoup.it\/index.php?rest_route=%2Fwp%2Fv2%2Fmedia&parent=28256"}],"wp:term":[{"taxonomy":"category","embeddable":true,"href":"https:\/\/ciaoup.it\/index.php?rest_route=%2Fwp%2Fv2%2Fcategories&post=28256"},{"taxonomy":"post_tag","embeddable":true,"href":"https:\/\/ciaoup.it\/index.php?rest_route=%2Fwp%2Fv2%2Ftags&post=28256"}],"curies":[{"name":"wp","href":"https:\/\/api.w.org\/{rel}","templated":true}]}}