{"id":28226,"date":"2025-11-15T12:55:00","date_gmt":"2025-11-15T12:55:00","guid":{"rendered":"https:\/\/ciaoup.it\/?p=28226"},"modified":"2025-11-15T12:55:00","modified_gmt":"2025-11-15T12:55:00","slug":"diplomazia-ambasciatore-brasile-con-italia-rapporti-mai-cosi-forti-ue-mercosur-opportunita","status":"publish","type":"post","link":"https:\/\/ciaoup.it\/?p=28226","title":{"rendered":"Diplomazia, ambasciatore Brasile: &#8220;Con Italia rapporti mai cos\u00ec forti, Ue-Mercosur opportunit\u00e0&#8221;"},"content":{"rendered":"<p> (Adnkronos) &#8211;  \u201cNegli ultimi anni abbiamo assistito a un avvicinamento significativo tra Italia e Brasile, sul piano politico, economico e culturale. Il nostro rapporto oggi \u00e8 a un livello altissimo: lo dimostra la crescita degli scambi commerciali, la cooperazione culturale e perfino quella giuridica. L\u2019Italia ha molto da esportare da noi \u2013 dalle tecnologie ai prodotti agroalimentari, al reparto farmaceutico\u2013 e con l\u2019accordo UE-Mercosur si aprir\u00e0 un nuovo orizzonte di opportunit\u00e0.\u201d Ha dichiarato l&#8217;ambasciatore del Brasile in Italia, Renato Mosca de Souza, durante la celebrazione della Festa Nazionale del Brasile, a Palazzo Pamphilj, sede dell&#8217;Ambasciata a Roma. In questa occasione la riapertura della Galleria Pietro da Cortona, ha segnato il momento pi\u00f9 alto della celebrazione.\u00a0<\/p>\n<p>Parlando del negoziato europeo, Mosca de Souza ha sottolineato che \u201cci sono circa mille aziende italiane in Brasile\u201d e l\u2019intesa \u201coffrir\u00e0 benefici concreti per le imprese italiane\u201d e che \u201cil consumo di prodotti italiani in Brasile \u00e8 in forte crescita. L&#8217;apertura ovviamente non sar\u00e0 immediata, ci vorranno alcuni anni per la riduzione dei dazi, ma sono convinto che ci sar\u00e0 un&#8217;invasione dei prodotti italiani in Brasile\u201d. Secondo l\u2019ambasciatore, le divergenze politiche europee sulla firma dell&#8217;accordo \u201cpossono essere superate\u201d perch\u00e9 \u201cil contesto internazionale rende evidente la necessit\u00e0 di rafforzare le alleanze economiche\u201d.\u00a0<\/p>\n<p>Guardando alla COP30 di Bel\u00e9m, l\u2019ambasciatore ha ribadito gli impegni climatici del Brasile: &#8220;Abbiamo l&#8217;ambizioso obiettivo di azzerare la deforestazione entro il 2030 e arrivare a un\u2019economia a zero emissioni totali entro il 2050. La protezione delle foreste \u00e8 centrale perch\u00e9 il problema brasiliano dell&#8217;emissione di carbono sta nella deforestazione, che non \u00e8 una pratica o una politica pubblica, al contrario, \u00e8 un&#8217;attivit\u00e0 criminale. Abbiamo gi\u00e0 una matrice energetica pulita al 50% e una matrice rinnovabile al 90% nella produzione di elettricit\u00e0. Ora \u00e8 il momento di passare dalla negoziazione all\u2019implementazione, con risorse internazionali adeguate per i Paesi in via di sviluppo\u201d.\u00a0<\/p>\n<p>&#8212;<\/p>\n<p>cronaca<\/p>\n<p>webinfo@adnkronos.com (Web Info)<\/p>\n<div style=\"display:flex; gap:10px;justify-content:center\" class=\"wps-pgfw-pdf-generate-icon__wrapper-frontend\">\n\t\t<a  href=\"https:\/\/ciaoup.it?action=genpdf&amp;id=28226\" class=\"pgfw-single-pdf-download-button\" ><img src=\"https:\/\/ciaoup.it\/wp-content\/plugins\/pdf-generator-for-wp\/admin\/src\/images\/PDF_Tray.svg\" title=\"Generate PDF\" style=\"width:auto; height:45px;\"><\/a>\n\t\t<\/div>","protected":false},"excerpt":{"rendered":"<p>(Adnkronos) &#8211; \u201cNegli ultimi anni abbiamo assistito a un avvicinamento significativo tra Italia e Brasile,&hellip;<\/p>\n","protected":false},"author":3,"featured_media":28227,"comment_status":"open","ping_status":"closed","sticky":false,"template":"","format":"standard","meta":{"footnotes":""},"categories":[12],"tags":[3],"class_list":["post-28226","post","type-post","status-publish","format-standard","has-post-thumbnail","hentry","category-comunicati","tag-ultimora"],"_links":{"self":[{"href":"https:\/\/ciaoup.it\/index.php?rest_route=\/wp\/v2\/posts\/28226","targetHints":{"allow":["GET"]}}],"collection":[{"href":"https:\/\/ciaoup.it\/index.php?rest_route=\/wp\/v2\/posts"}],"about":[{"href":"https:\/\/ciaoup.it\/index.php?rest_route=\/wp\/v2\/types\/post"}],"author":[{"embeddable":true,"href":"https:\/\/ciaoup.it\/index.php?rest_route=\/wp\/v2\/users\/3"}],"replies":[{"embeddable":true,"href":"https:\/\/ciaoup.it\/index.php?rest_route=%2Fwp%2Fv2%2Fcomments&post=28226"}],"version-history":[{"count":1,"href":"https:\/\/ciaoup.it\/index.php?rest_route=\/wp\/v2\/posts\/28226\/revisions"}],"predecessor-version":[{"id":28240,"href":"https:\/\/ciaoup.it\/index.php?rest_route=\/wp\/v2\/posts\/28226\/revisions\/28240"}],"wp:featuredmedia":[{"embeddable":true,"href":"https:\/\/ciaoup.it\/index.php?rest_route=\/wp\/v2\/media\/28227"}],"wp:attachment":[{"href":"https:\/\/ciaoup.it\/index.php?rest_route=%2Fwp%2Fv2%2Fmedia&parent=28226"}],"wp:term":[{"taxonomy":"category","embeddable":true,"href":"https:\/\/ciaoup.it\/index.php?rest_route=%2Fwp%2Fv2%2Fcategories&post=28226"},{"taxonomy":"post_tag","embeddable":true,"href":"https:\/\/ciaoup.it\/index.php?rest_route=%2Fwp%2Fv2%2Ftags&post=28226"}],"curies":[{"name":"wp","href":"https:\/\/api.w.org\/{rel}","templated":true}]}}