{"id":26136,"date":"2025-11-09T21:46:37","date_gmt":"2025-11-09T21:46:37","guid":{"rendered":"https:\/\/ciaoup.it\/?p=26136"},"modified":"2025-11-09T21:46:37","modified_gmt":"2025-11-09T21:46:37","slug":"francia-odore-di-bruciato-in-cabina-aereo-diretto-a-seul-atterra-a-monaco","status":"publish","type":"post","link":"https:\/\/ciaoup.it\/?p=26136","title":{"rendered":"Francia, odore di bruciato in cabina: aereo diretto a Seul atterra a Monaco"},"content":{"rendered":"<p> (Adnkronos) &#8211; Un volo Air France partito da Parigi e diretto a Seul \u00e8 stato costretto ad atterrare a Monaco di Baviera dopo che l&#8217;equipaggio ha rilevato odore di bruciato nella cabina di pilotaggio. Lo ha reso noto la compagnia aerea transalpina, precisando che l&#8217;aereo \u00e8 atterrato in sicurezza nel tardo pomeriggio e che la decisione di deviare il volo \u00e8 stata presa &#8220;a titolo precauzionale&#8221;. Il velivolo \u00e8 stato successivamente rimorchiato e nessun passeggero \u00e8 rimasto ferito.\u00a0<\/p>\n<p>Air France ha fatto sapere che un volo di ritorno per Parigi era previsto in serata e che, se necessario, sarebbe stato fornito alloggio in attesa di un volo sostitutivo per Seul.\u00a0<\/p>\n<p>&#8212;<\/p>\n<p>internazionale\/esteri<\/p>\n<p>webinfo@adnkronos.com (Web Info)<\/p>\n<div style=\"display:flex; gap:10px;justify-content:center\" class=\"wps-pgfw-pdf-generate-icon__wrapper-frontend\">\n\t\t<a  href=\"https:\/\/ciaoup.it?action=genpdf&amp;id=26136\" class=\"pgfw-single-pdf-download-button\" ><img src=\"https:\/\/ciaoup.it\/wp-content\/plugins\/pdf-generator-for-wp\/admin\/src\/images\/PDF_Tray.svg\" title=\"Generate PDF\" style=\"width:auto; height:45px;\"><\/a>\n\t\t<\/div>","protected":false},"excerpt":{"rendered":"<p>(Adnkronos) &#8211; Un volo Air France partito da Parigi e diretto a Seul \u00e8 stato&hellip;<\/p>\n","protected":false},"author":3,"featured_media":26137,"comment_status":"open","ping_status":"closed","sticky":false,"template":"","format":"standard","meta":{"footnotes":""},"categories":[12],"tags":[3],"class_list":["post-26136","post","type-post","status-publish","format-standard","has-post-thumbnail","hentry","category-comunicati","tag-ultimora"],"_links":{"self":[{"href":"https:\/\/ciaoup.it\/index.php?rest_route=\/wp\/v2\/posts\/26136","targetHints":{"allow":["GET"]}}],"collection":[{"href":"https:\/\/ciaoup.it\/index.php?rest_route=\/wp\/v2\/posts"}],"about":[{"href":"https:\/\/ciaoup.it\/index.php?rest_route=\/wp\/v2\/types\/post"}],"author":[{"embeddable":true,"href":"https:\/\/ciaoup.it\/index.php?rest_route=\/wp\/v2\/users\/3"}],"replies":[{"embeddable":true,"href":"https:\/\/ciaoup.it\/index.php?rest_route=%2Fwp%2Fv2%2Fcomments&post=26136"}],"version-history":[{"count":1,"href":"https:\/\/ciaoup.it\/index.php?rest_route=\/wp\/v2\/posts\/26136\/revisions"}],"predecessor-version":[{"id":26146,"href":"https:\/\/ciaoup.it\/index.php?rest_route=\/wp\/v2\/posts\/26136\/revisions\/26146"}],"wp:featuredmedia":[{"embeddable":true,"href":"https:\/\/ciaoup.it\/index.php?rest_route=\/wp\/v2\/media\/26137"}],"wp:attachment":[{"href":"https:\/\/ciaoup.it\/index.php?rest_route=%2Fwp%2Fv2%2Fmedia&parent=26136"}],"wp:term":[{"taxonomy":"category","embeddable":true,"href":"https:\/\/ciaoup.it\/index.php?rest_route=%2Fwp%2Fv2%2Fcategories&post=26136"},{"taxonomy":"post_tag","embeddable":true,"href":"https:\/\/ciaoup.it\/index.php?rest_route=%2Fwp%2Fv2%2Ftags&post=26136"}],"curies":[{"name":"wp","href":"https:\/\/api.w.org\/{rel}","templated":true}]}}