{"id":26110,"date":"2025-11-09T19:04:59","date_gmt":"2025-11-09T19:04:59","guid":{"rendered":"https:\/\/ciaoup.it\/?p=26110"},"modified":"2025-11-09T19:04:59","modified_gmt":"2025-11-09T19:04:59","slug":"musetti-novita-nel-team-saro-io-a-comunicarle-ora-voglio-godermi-le-atp-finals","status":"publish","type":"post","link":"https:\/\/ciaoup.it\/?p=26110","title":{"rendered":"Musetti: &#8220;Novit\u00e0 nel team? Sar\u00f2 io a comunicarle, ora voglio godermi le Atp Finals&#8221;"},"content":{"rendered":"<p> (Adnkronos) &#8211; \u201cNovit\u00e0 nel team? In questo momento il team \u00e8 quello che conoscete. Se avr\u00f2 novit\u00e0 o cambiamenti sar\u00f2 io stesso a informarvi, non oggi\u201d. Lo ha detto il tennista azzurro Lorenzo Musetti, in conferenza stampa alla vigilia dell\u2019esordio alle Atp Finals contro Taylor Fritz, a proposito di nuovi innesti nello staff dopo le voci di un possibile affiancamento di Jos\u00e9 Perlas allo storico coach Simone Tartarini nel 2026.\u00a0<\/p>\n<p>\u201cNon ho ancora pianificato nulla per il futuro &#8211; ha spiegato il toscano &#8211; ed \u00e8 stato un finale di stagione molto intenso. Ho inseguito, forse in alcuni momenti ho avuto troppa pressione. Non ho ancora avuto modo di pensare al prossimo anno\u201d.\u00a0<\/p>\n<p>Il tennista azzurro, numero 9 del ranking Atp, ha anche parlato del suo stato di forma e della Coppa Davis in programma dopo le Atp Finals: &#8220;La mia condizione fisica in questo momento \u00e8 buona, tutto \u00e8 in programma&#8221;. E ancora, relativamente al 2026: &#8220;Prossimi obiettivi? Non ho ancora riflettuto tanto su questo, devo parlarne con il team. Ora voglio godermi questa settimana&#8221;.\u00a0<\/p>\n<p>&#8212;<\/p>\n<p>sport<\/p>\n<p>webinfo@adnkronos.com (Web Info)<\/p>\n<div style=\"display:flex; gap:10px;justify-content:center\" class=\"wps-pgfw-pdf-generate-icon__wrapper-frontend\">\n\t\t<a  href=\"https:\/\/ciaoup.it?action=genpdf&amp;id=26110\" class=\"pgfw-single-pdf-download-button\" ><img src=\"https:\/\/ciaoup.it\/wp-content\/plugins\/pdf-generator-for-wp\/admin\/src\/images\/PDF_Tray.svg\" title=\"Generate PDF\" style=\"width:auto; height:45px;\"><\/a>\n\t\t<\/div>","protected":false},"excerpt":{"rendered":"<p>(Adnkronos) &#8211; \u201cNovit\u00e0 nel team? In questo momento il team \u00e8 quello che conoscete. Se&hellip;<\/p>\n","protected":false},"author":3,"featured_media":26111,"comment_status":"open","ping_status":"closed","sticky":false,"template":"","format":"standard","meta":{"footnotes":""},"categories":[12],"tags":[3],"class_list":["post-26110","post","type-post","status-publish","format-standard","has-post-thumbnail","hentry","category-comunicati","tag-ultimora"],"_links":{"self":[{"href":"https:\/\/ciaoup.it\/index.php?rest_route=\/wp\/v2\/posts\/26110","targetHints":{"allow":["GET"]}}],"collection":[{"href":"https:\/\/ciaoup.it\/index.php?rest_route=\/wp\/v2\/posts"}],"about":[{"href":"https:\/\/ciaoup.it\/index.php?rest_route=\/wp\/v2\/types\/post"}],"author":[{"embeddable":true,"href":"https:\/\/ciaoup.it\/index.php?rest_route=\/wp\/v2\/users\/3"}],"replies":[{"embeddable":true,"href":"https:\/\/ciaoup.it\/index.php?rest_route=%2Fwp%2Fv2%2Fcomments&post=26110"}],"version-history":[{"count":1,"href":"https:\/\/ciaoup.it\/index.php?rest_route=\/wp\/v2\/posts\/26110\/revisions"}],"predecessor-version":[{"id":26119,"href":"https:\/\/ciaoup.it\/index.php?rest_route=\/wp\/v2\/posts\/26110\/revisions\/26119"}],"wp:featuredmedia":[{"embeddable":true,"href":"https:\/\/ciaoup.it\/index.php?rest_route=\/wp\/v2\/media\/26111"}],"wp:attachment":[{"href":"https:\/\/ciaoup.it\/index.php?rest_route=%2Fwp%2Fv2%2Fmedia&parent=26110"}],"wp:term":[{"taxonomy":"category","embeddable":true,"href":"https:\/\/ciaoup.it\/index.php?rest_route=%2Fwp%2Fv2%2Fcategories&post=26110"},{"taxonomy":"post_tag","embeddable":true,"href":"https:\/\/ciaoup.it\/index.php?rest_route=%2Fwp%2Fv2%2Ftags&post=26110"}],"curies":[{"name":"wp","href":"https:\/\/api.w.org\/{rel}","templated":true}]}}