{"id":26100,"date":"2025-11-09T18:08:35","date_gmt":"2025-11-09T18:08:35","guid":{"rendered":"https:\/\/ciaoup.it\/?p=26100"},"modified":"2025-11-09T18:08:35","modified_gmt":"2025-11-09T18:08:35","slug":"alcaraz-esulta-per-musetti-meglio-lui-che-djokovic-poi-fa-i-complimenti-allazzurro","status":"publish","type":"post","link":"https:\/\/ciaoup.it\/?p=26100","title":{"rendered":"Alcaraz &#8216;esulta&#8217; per Musetti: &#8220;Meglio lui che Djokovic&#8221;. Poi fa i complimenti all&#8217;azzurro"},"content":{"rendered":"<p> (Adnkronos) &#8211; &#8220;Avere nel gruppo uno come Djokovic \u00e8 sempre dura, a essere sincero preferisco Lorenzo\u201d. Cos\u00ec, sorridendo, Carlos Alcaraz ha parlato in conferenza stampa dell&#8217;arrivo di Lorenzo Musetti nel suo girone alle Atp Finals, al posto di Novak Djokovic (costretto a rinunciare al torneo per infortunio, dopo la finale vinta nell&#8217;Atp 250 di Atene). \u00a0<\/p>\n<p>\u201cSe \u00e8 li\u2019 &#8211; ha poi aggiunto il tennista spagnolo &#8211; \u00e8 perch\u00e9 se lo merita per il livello che ha messo nelle partite e tornei che ha disputato quest\u2019anno, che era davvero alto&#8221;. Lo spagnolo ha concluso: \u201cVediamo come si comporter\u00e0, come si adatter\u00e0. Lorenzo \u00e8 appena arrivato da Atene e ancora non ha sentito il campo, ma sono sicuro che andr\u00e0 alla grande, vedremo&#8221;.\u00a0<\/p>\n<p>&#8212;<\/p>\n<p>sport<\/p>\n<p>webinfo@adnkronos.com (Web Info)<\/p>\n<div style=\"display:flex; gap:10px;justify-content:center\" class=\"wps-pgfw-pdf-generate-icon__wrapper-frontend\">\n\t\t<a  href=\"https:\/\/ciaoup.it?action=genpdf&amp;id=26100\" class=\"pgfw-single-pdf-download-button\" ><img src=\"https:\/\/ciaoup.it\/wp-content\/plugins\/pdf-generator-for-wp\/admin\/src\/images\/PDF_Tray.svg\" title=\"Generate PDF\" style=\"width:auto; height:45px;\"><\/a>\n\t\t<\/div>","protected":false},"excerpt":{"rendered":"<p>(Adnkronos) &#8211; &#8220;Avere nel gruppo uno come Djokovic \u00e8 sempre dura, a essere sincero preferisco&hellip;<\/p>\n","protected":false},"author":3,"featured_media":26101,"comment_status":"open","ping_status":"closed","sticky":false,"template":"","format":"standard","meta":{"footnotes":""},"categories":[12],"tags":[3],"class_list":["post-26100","post","type-post","status-publish","format-standard","has-post-thumbnail","hentry","category-comunicati","tag-ultimora"],"_links":{"self":[{"href":"https:\/\/ciaoup.it\/index.php?rest_route=\/wp\/v2\/posts\/26100","targetHints":{"allow":["GET"]}}],"collection":[{"href":"https:\/\/ciaoup.it\/index.php?rest_route=\/wp\/v2\/posts"}],"about":[{"href":"https:\/\/ciaoup.it\/index.php?rest_route=\/wp\/v2\/types\/post"}],"author":[{"embeddable":true,"href":"https:\/\/ciaoup.it\/index.php?rest_route=\/wp\/v2\/users\/3"}],"replies":[{"embeddable":true,"href":"https:\/\/ciaoup.it\/index.php?rest_route=%2Fwp%2Fv2%2Fcomments&post=26100"}],"version-history":[{"count":1,"href":"https:\/\/ciaoup.it\/index.php?rest_route=\/wp\/v2\/posts\/26100\/revisions"}],"predecessor-version":[{"id":26108,"href":"https:\/\/ciaoup.it\/index.php?rest_route=\/wp\/v2\/posts\/26100\/revisions\/26108"}],"wp:featuredmedia":[{"embeddable":true,"href":"https:\/\/ciaoup.it\/index.php?rest_route=\/wp\/v2\/media\/26101"}],"wp:attachment":[{"href":"https:\/\/ciaoup.it\/index.php?rest_route=%2Fwp%2Fv2%2Fmedia&parent=26100"}],"wp:term":[{"taxonomy":"category","embeddable":true,"href":"https:\/\/ciaoup.it\/index.php?rest_route=%2Fwp%2Fv2%2Fcategories&post=26100"},{"taxonomy":"post_tag","embeddable":true,"href":"https:\/\/ciaoup.it\/index.php?rest_route=%2Fwp%2Fv2%2Ftags&post=26100"}],"curies":[{"name":"wp","href":"https:\/\/api.w.org\/{rel}","templated":true}]}}