{"id":26098,"date":"2025-11-09T18:16:00","date_gmt":"2025-11-09T18:16:00","guid":{"rendered":"https:\/\/ciaoup.it\/?p=26098"},"modified":"2025-11-09T18:16:00","modified_gmt":"2025-11-09T18:16:00","slug":"ucraina-ambasciata-russa-a-roma-critica-calenda-per-il-tatuaggio-e-lui-replica-verrete-sconfitti-come-lurss","status":"publish","type":"post","link":"https:\/\/ciaoup.it\/?p=26098","title":{"rendered":"Ucraina, ambasciata russa a Roma critica Calenda per il tatuaggio. E lui replica: &#8220;Verrete sconfitti come l&#8217;Urss&#8221;"},"content":{"rendered":"<p> (Adnkronos) &#8211; L&#8217;ambasciata russa a Roma ha criticato il leader di Azione, Carlo Calenda, per essersi tatuato il tridente ucraino, che \u00e8 lo stemma nazionale dell&#8217;ex Repubblica sovietica. &#8220;Ma il politico italiano Carlo Calenda capisce l&#8217;essenza del simbolo che ha applicato sul suo corpo?&#8221;, scrive l&#8217;ambasciata in un post su Facebook, sottolineando che la &#8220;bravata&#8221; del leader di Azione &#8220;non \u00e8 altro che un ingresso volontario nella comunit\u00e0 di seguaci di Petlyura, Bandera, Shukhevich e altri nazisti e collaboratori di nazionalit\u00e0 ucraina, le cui mani sono coperte dal sangue di ebrei, zingari, ungheresi, russi, ucraini&#8221;.\u00a0<\/p>\n<p>La risposta di Calenda non si fa attendere. &#8220;Verrete sconfitti. Come \u00e8 stata sconfitta l\u2019Urss. La libert\u00e0 alla fine vince sempre sulla tirannia. E se vi mettete paura di un tatuaggio vuol dire che ne siete gi\u00e0 consapevoli&#8221;, scrive su X il leader di Azione. A conclusione del tweet, il senatore aggiunge l&#8217;hashtag &#8216;Slava Ukra\u00efni&#8217;.\u00a0<\/p>\n<p>&#8212;<\/p>\n<p>internazionale\/esteri<\/p>\n<p>webinfo@adnkronos.com (Web Info)<\/p>\n<div style=\"display:flex; gap:10px;justify-content:center\" class=\"wps-pgfw-pdf-generate-icon__wrapper-frontend\">\n\t\t<a  href=\"https:\/\/ciaoup.it?action=genpdf&amp;id=26098\" class=\"pgfw-single-pdf-download-button\" ><img src=\"https:\/\/ciaoup.it\/wp-content\/plugins\/pdf-generator-for-wp\/admin\/src\/images\/PDF_Tray.svg\" title=\"Generate PDF\" style=\"width:auto; height:45px;\"><\/a>\n\t\t<\/div>","protected":false},"excerpt":{"rendered":"<p>(Adnkronos) &#8211; L&#8217;ambasciata russa a Roma ha criticato il leader di Azione, Carlo Calenda, per&hellip;<\/p>\n","protected":false},"author":3,"featured_media":26099,"comment_status":"open","ping_status":"closed","sticky":false,"template":"","format":"standard","meta":{"footnotes":""},"categories":[12],"tags":[3],"class_list":["post-26098","post","type-post","status-publish","format-standard","has-post-thumbnail","hentry","category-comunicati","tag-ultimora"],"_links":{"self":[{"href":"https:\/\/ciaoup.it\/index.php?rest_route=\/wp\/v2\/posts\/26098","targetHints":{"allow":["GET"]}}],"collection":[{"href":"https:\/\/ciaoup.it\/index.php?rest_route=\/wp\/v2\/posts"}],"about":[{"href":"https:\/\/ciaoup.it\/index.php?rest_route=\/wp\/v2\/types\/post"}],"author":[{"embeddable":true,"href":"https:\/\/ciaoup.it\/index.php?rest_route=\/wp\/v2\/users\/3"}],"replies":[{"embeddable":true,"href":"https:\/\/ciaoup.it\/index.php?rest_route=%2Fwp%2Fv2%2Fcomments&post=26098"}],"version-history":[{"count":1,"href":"https:\/\/ciaoup.it\/index.php?rest_route=\/wp\/v2\/posts\/26098\/revisions"}],"predecessor-version":[{"id":26109,"href":"https:\/\/ciaoup.it\/index.php?rest_route=\/wp\/v2\/posts\/26098\/revisions\/26109"}],"wp:featuredmedia":[{"embeddable":true,"href":"https:\/\/ciaoup.it\/index.php?rest_route=\/wp\/v2\/media\/26099"}],"wp:attachment":[{"href":"https:\/\/ciaoup.it\/index.php?rest_route=%2Fwp%2Fv2%2Fmedia&parent=26098"}],"wp:term":[{"taxonomy":"category","embeddable":true,"href":"https:\/\/ciaoup.it\/index.php?rest_route=%2Fwp%2Fv2%2Fcategories&post=26098"},{"taxonomy":"post_tag","embeddable":true,"href":"https:\/\/ciaoup.it\/index.php?rest_route=%2Fwp%2Fv2%2Ftags&post=26098"}],"curies":[{"name":"wp","href":"https:\/\/api.w.org\/{rel}","templated":true}]}}